{"id":738,"date":"2014-03-21T18:34:53","date_gmt":"2014-03-21T18:34:53","guid":{"rendered":"http:\/\/kunstraum-bremen.de\/?p=738"},"modified":"2014-10-11T17:45:25","modified_gmt":"2014-10-11T17:45:25","slug":"samstag-26-4-2014-fern-heike-schmidt-ehlers-objektephotograpie","status":"publish","type":"post","link":"https:\/\/kunstraum-bremen.de\/?p=738","title":{"rendered":"Samstag 26.4.2014  &#8230;.fern&#8230;. Heike Schmidt-Ehlers, Objekte+Photograpie"},"content":{"rendered":"<p><a href=\"http:\/\/kunstraum-bremen.de\/wp-content\/uploads\/2014\/03\/FERN-r\u00fcckseite-web1.jpg\"><img fetchpriority=\"high\" decoding=\"async\" class=\"aligncenter size-large wp-image-746\" title=\"FERN-r\u00fcckseite-web\" src=\"http:\/\/kunstraum-bremen.de\/wp-content\/uploads\/2014\/03\/FERN-r\u00fcckseite-web1-1024x483.jpg\" alt=\"\" width=\"745\" height=\"350\" srcset=\"https:\/\/kunstraum-bremen.de\/wp-content\/uploads\/2014\/03\/FERN-r\u00fcckseite-web1-1024x483.jpg 1024w, https:\/\/kunstraum-bremen.de\/wp-content\/uploads\/2014\/03\/FERN-r\u00fcckseite-web1-300x141.jpg 300w, https:\/\/kunstraum-bremen.de\/wp-content\/uploads\/2014\/03\/FERN-r\u00fcckseite-web1.jpg 1590w\" sizes=\"(max-width: 745px) 100vw, 745px\" \/><\/a><a href=\"http:\/\/kunstraum-bremen.de\/wp-content\/uploads\/2014\/03\/FERN-vorne-web2.jpg\"><img decoding=\"async\" class=\"aligncenter size-full wp-image-747\" title=\"FERN-vorne-web\" src=\"http:\/\/kunstraum-bremen.de\/wp-content\/uploads\/2014\/03\/FERN-vorne-web2.jpg\" alt=\"\" width=\"636\" height=\"300\" srcset=\"https:\/\/kunstraum-bremen.de\/wp-content\/uploads\/2014\/03\/FERN-vorne-web2.jpg 636w, https:\/\/kunstraum-bremen.de\/wp-content\/uploads\/2014\/03\/FERN-vorne-web2-300x141.jpg 300w\" sizes=\"(max-width: 636px) 100vw, 636px\" \/><\/a><strong>&#8230;fern&#8230; <\/strong> &#8211;<\/p>\n<p style=\"text-align: justify;\">wie stiche im meer<br \/>\nIst die Form gefunden, braucht man die Schiffe nicht zu Wasser lassen, der Geruch des Meeres erf\u00fcllt den Raum. Schiffe haben Namen, setzen Zeichen, sie hinter-lassen\u00a0 Spuren, sie transportieren Erinnerungen \u2013 Erinnerungen an Entdecker,<br \/>\nKrieger, Narren, Tr\u00e4umer und Dramen. Im Weichbild, zwischen Land und Meer, liegt die Verhei\u00dfung auf Leben, auf Wachstum, auf Reichtum, auf Gl\u00fcck.<br \/>\nSo kann der Mensch vermutlich nicht anders als sich vom Geruch des Meeres verzaubern lassen, doch die Schiffe sind die Stiche im Meer. Piratenschiffe, Totenschiffe, Narrenschiffe, K\u00f6nigsbarken, Containerriesen, Touristenschiffe<\/p>\n<p style=\"text-align: justify;\">aus der n\u00e4he gesehen<br \/>\nFarben, Formen, Inhalte, Ordnungen, neue Formulierungen \u201ebilden\u201c sich aus. Die Balance zwischen Shweigen und Sagen will beachtet sein. Die nicht formulierte H\u00e4lfte macht das fruchtbare Chaos im Kopf m\u00f6glich, sowohl beim K\u00fcnstler als auch beim Betrachter.<br \/>\n100 kleine Leute \u2013 der Schein der Oberfl\u00e4che gibt der Maske die Kraft, Schutz und Wandlung zu sein. Kaum 5 cm gro\u00df, aus Fundst\u00fccken, Lack, Resten\u00a0 \u2013\u00a0 alles Erfindungen. Photographisch auf Lebensgr\u00f6\u00dfe gebracht, offenbaren sie in der Gr\u00f6\u00dfe ihr Fremdsein, ein Fremdsein in der Unsch\u00e4rfe, das jede Ber\u00fchrung flieht.<br \/>\nHeike Schmidt-Ehlers<\/p>\n<p style=\"text-align: justify;\"><a href=\"file:\/\/\/Users\/uteseifert\/Desktop\/plakate+kunstraum%20veranstaltungen\/kunstraum%202014\/aperto%204-2014\/flyer\/flyer2014-gemischt.pdf\"><br \/>\n<\/a><\/p>\n","protected":false},"excerpt":{"rendered":"<p>&#8230;fern&#8230; &#8211; wie stiche im meer Ist die Form gefunden, braucht man die Schiffe nicht zu Wasser lassen, der Geruch des Meeres erf\u00fcllt den Raum. Schiffe haben Namen, setzen Zeichen, sie hinter-lassen\u00a0 Spuren, sie transportieren Erinnerungen \u2013 Erinnerungen an Entdecker, &hellip; <a href=\"https:\/\/kunstraum-bremen.de\/?p=738\">Weiterlesen <span class=\"meta-nav\">&rarr;<\/span><\/a><\/p>\n","protected":false},"author":2,"featured_media":0,"comment_status":"open","ping_status":"open","sticky":false,"template":"","format":"standard","meta":{"footnotes":""},"categories":[1,3,6],"tags":[],"class_list":["post-738","post","type-post","status-publish","format-standard","hentry","category-allgemein","category-ausstellungen","category-neu"],"_links":{"self":[{"href":"https:\/\/kunstraum-bremen.de\/index.php?rest_route=\/wp\/v2\/posts\/738","targetHints":{"allow":["GET"]}}],"collection":[{"href":"https:\/\/kunstraum-bremen.de\/index.php?rest_route=\/wp\/v2\/posts"}],"about":[{"href":"https:\/\/kunstraum-bremen.de\/index.php?rest_route=\/wp\/v2\/types\/post"}],"author":[{"embeddable":true,"href":"https:\/\/kunstraum-bremen.de\/index.php?rest_route=\/wp\/v2\/users\/2"}],"replies":[{"embeddable":true,"href":"https:\/\/kunstraum-bremen.de\/index.php?rest_route=%2Fwp%2Fv2%2Fcomments&post=738"}],"version-history":[{"count":8,"href":"https:\/\/kunstraum-bremen.de\/index.php?rest_route=\/wp\/v2\/posts\/738\/revisions"}],"predecessor-version":[{"id":916,"href":"https:\/\/kunstraum-bremen.de\/index.php?rest_route=\/wp\/v2\/posts\/738\/revisions\/916"}],"wp:attachment":[{"href":"https:\/\/kunstraum-bremen.de\/index.php?rest_route=%2Fwp%2Fv2%2Fmedia&parent=738"}],"wp:term":[{"taxonomy":"category","embeddable":true,"href":"https:\/\/kunstraum-bremen.de\/index.php?rest_route=%2Fwp%2Fv2%2Fcategories&post=738"},{"taxonomy":"post_tag","embeddable":true,"href":"https:\/\/kunstraum-bremen.de\/index.php?rest_route=%2Fwp%2Fv2%2Ftags&post=738"}],"curies":[{"name":"wp","href":"https:\/\/api.w.org\/{rel}","templated":true}]}}