{"id":721,"date":"2014-02-03T14:12:31","date_gmt":"2014-02-03T14:12:31","guid":{"rendered":"http:\/\/kunstraum-bremen.de\/?p=721"},"modified":"2014-10-11T17:45:25","modified_gmt":"2014-10-11T17:45:25","slug":"sonntag-2-3-2014-zonenrandgebiet-jurgen-bodo-scholz-lutz-holscher-malerei","status":"publish","type":"post","link":"https:\/\/kunstraum-bremen.de\/?p=721","title":{"rendered":"Sonntag 2.3.2014  Zonenrandgebiet   Scholz + H\u00f6lscher, Malerei"},"content":{"rendered":"<p style=\"text-align: center;\">\n<p style=\"text-align: center;\"><strong>J\u00fcrgen Bodo Scholz und Lutz H\u00f6lscher<br \/>\n<\/strong><\/p>\n<p style=\"text-align: center;\"><strong>ZONENRANDGEBIET<\/strong><\/p>\n<p style=\"text-align: center;\"><strong><a href=\"http:\/\/kunstraum-bremen.de\/wp-content\/uploads\/2014\/02\/nicht-entt\u00e4uscht1.jpg\"><img fetchpriority=\"high\" decoding=\"async\" class=\"aligncenter size-large wp-image-733\" title=\"nicht entt\u00c3\u00a4uscht\" src=\"http:\/\/kunstraum-bremen.de\/wp-content\/uploads\/2014\/02\/nicht-entt\u00e4uscht1-1024x559.jpg\" alt=\"\" width=\"350\" height=\"190\" srcset=\"https:\/\/kunstraum-bremen.de\/wp-content\/uploads\/2014\/02\/nicht-entt\u00e4uscht1-1024x559.jpg 1024w, https:\/\/kunstraum-bremen.de\/wp-content\/uploads\/2014\/02\/nicht-entt\u00e4uscht1-300x163.jpg 300w, https:\/\/kunstraum-bremen.de\/wp-content\/uploads\/2014\/02\/nicht-entt\u00e4uscht1.jpg 1702w\" sizes=\"(max-width: 350px) 100vw, 350px\" \/><\/a><br \/>\n<\/strong><\/p>\n<p style=\"text-align: center;\">Er\u00f6ffnung der Ausstellung am <strong>Sonntag, 2. M\u00e4rz 2014<\/strong> um <strong>11 uhr<\/strong><\/p>\n<p style=\"text-align: center;\">Zur Ausstellungser\u00f6ffnung gibt es einen musikalischen Beitrag der K\u00fcnstler (wie immer!)<\/p>\n<p style=\"text-align: center;\">Wir laden herzlich dazu ein!<\/p>\n<p style=\"text-align: center;\"><strong><a href=\"..\/wp-content\/uploads\/2014\/02\/3.jpg\"><img decoding=\"async\" title=\"3\" src=\"..\/wp-content\/uploads\/2014\/02\/3.jpg\" alt=\"\" width=\"297\" height=\"413\" \/><\/a><\/strong><\/p>\n<p style=\"text-align: center;\">Dauer der Ausstellung:\u00a0 2.3. \u2013 23.3.2014<\/p>\n<p style=\"text-align: center;\">\u00d6ffnungszeiten: mittwochs 17.30 &#8211; 18.30 uhr sowie nach telefonischer Vereinbarung 0151-12755983 oder 04205-8083<\/p>\n","protected":false},"excerpt":{"rendered":"<p>J\u00fcrgen Bodo Scholz und Lutz H\u00f6lscher ZONENRANDGEBIET Er\u00f6ffnung der Ausstellung am Sonntag, 2. M\u00e4rz 2014 um 11 uhr Zur Ausstellungser\u00f6ffnung gibt es einen musikalischen Beitrag der K\u00fcnstler (wie immer!) Wir laden herzlich dazu ein! Dauer der Ausstellung:\u00a0 2.3. \u2013 23.3.2014 &hellip; <a href=\"https:\/\/kunstraum-bremen.de\/?p=721\">Weiterlesen <span class=\"meta-nav\">&rarr;<\/span><\/a><\/p>\n","protected":false},"author":2,"featured_media":733,"comment_status":"open","ping_status":"open","sticky":false,"template":"","format":"standard","meta":{"footnotes":""},"categories":[1,3],"tags":[],"class_list":["post-721","post","type-post","status-publish","format-standard","has-post-thumbnail","hentry","category-allgemein","category-ausstellungen"],"_links":{"self":[{"href":"https:\/\/kunstraum-bremen.de\/index.php?rest_route=\/wp\/v2\/posts\/721","targetHints":{"allow":["GET"]}}],"collection":[{"href":"https:\/\/kunstraum-bremen.de\/index.php?rest_route=\/wp\/v2\/posts"}],"about":[{"href":"https:\/\/kunstraum-bremen.de\/index.php?rest_route=\/wp\/v2\/types\/post"}],"author":[{"embeddable":true,"href":"https:\/\/kunstraum-bremen.de\/index.php?rest_route=\/wp\/v2\/users\/2"}],"replies":[{"embeddable":true,"href":"https:\/\/kunstraum-bremen.de\/index.php?rest_route=%2Fwp%2Fv2%2Fcomments&post=721"}],"version-history":[{"count":14,"href":"https:\/\/kunstraum-bremen.de\/index.php?rest_route=\/wp\/v2\/posts\/721\/revisions"}],"predecessor-version":[{"id":917,"href":"https:\/\/kunstraum-bremen.de\/index.php?rest_route=\/wp\/v2\/posts\/721\/revisions\/917"}],"wp:featuredmedia":[{"embeddable":true,"href":"https:\/\/kunstraum-bremen.de\/index.php?rest_route=\/wp\/v2\/media\/733"}],"wp:attachment":[{"href":"https:\/\/kunstraum-bremen.de\/index.php?rest_route=%2Fwp%2Fv2%2Fmedia&parent=721"}],"wp:term":[{"taxonomy":"category","embeddable":true,"href":"https:\/\/kunstraum-bremen.de\/index.php?rest_route=%2Fwp%2Fv2%2Fcategories&post=721"},{"taxonomy":"post_tag","embeddable":true,"href":"https:\/\/kunstraum-bremen.de\/index.php?rest_route=%2Fwp%2Fv2%2Ftags&post=721"}],"curies":[{"name":"wp","href":"https:\/\/api.w.org\/{rel}","templated":true}]}}