{"id":493,"date":"2011-02-27T18:29:57","date_gmt":"2011-02-27T18:29:57","guid":{"rendered":"http:\/\/kunstraum-bremen.de\/?p=493"},"modified":"2017-07-14T23:28:35","modified_gmt":"2017-07-14T23:28:35","slug":"sokratisches-gesprach-wozu-ist-das-schone-gut","status":"publish","type":"post","link":"https:\/\/kunstraum-bremen.de\/?p=493","title":{"rendered":"5.\/6.3.2011 Sokratisches Gespr\u00e4ch: Wozu ist das Sch\u00f6ne gut?"},"content":{"rendered":"<p>Sokratisches Gespr\u00e4ch:&nbsp; Wozu ist das Sch\u00f6ne gut?<\/p>\n<p>Die Frage nach der Kunst&#8230;&#8230;&#8230;.<\/p>\n<p>Ein Wochenendseminar zur Einf\u00fchrung in das philosophische Denken<\/p>\n<p>Prof. Dr. Reinhard Schulz<\/p>\n<p>Samstag 5.3..2011, 10.00-17.00 Uhr und<\/p>\n<p>Sonntag&nbsp; 6.3.2011, 10.00-14.00 Uhr<\/p>\n<p>KunstRaum \u2013 R\u00fcckertstr. 21 \u2013 Bremen<\/p>\n<p>Im &#8222;Sokratischen Gespr\u00e4ch&#8220; besch\u00e4ftigen wir uns an einem Wochenende<\/p>\n<p>vertiefend mit dem Thema: &#8222;Wozu ist das Sch\u00f6ne gut?&#8220;<\/p>\n<p>Sch\u00f6n nennen wir gew\u00f6hnlich dasjenige, was wir als sch\u00f6n empfinden. Dabei geht es sowohl um sch\u00f6ne Gegenst\u00e4nde wie auch um das Gef\u00fchl des Angenehmen, manchmal sogar Lustvollen. Hier scheinen jedoch schon die gemeinsamen Bestimmungen des Sch\u00f6nen zu enden, da die einzelnen Menschen sehr Unterschiedliches als sch\u00f6n empfinden k\u00f6nnen. Was der eine sch\u00f6n findet, kann f\u00fcr den anderen h\u00e4sslich sein und es hei\u00dft, dass man sich \u00fcber Geschmack nicht streiten k\u00f6nne. Ist nun aber dieser \u00e4sthetische Relativismus die letzte und ganze Wahrheit der Philosophie des Sch\u00f6nen?<\/p>\n<p>Durch differenzierte Begriffskl\u00e4rung, wechselseitige Verst\u00e4ndigung und dem schriftlichen Festhalten der in der Argumentation mit anderen erzielten Resultate soll eine Verst\u00e4ndigung \u00fcber die Verst\u00e4ndigung erzielt werden. Die themenbezogenen Sachgespr\u00e4che werden dabei von Zeit zu Zeit durch Meta- und Analysegespr\u00e4che unterbrochen, mit denen der u.U. ins Stocken geratene Argumentationsgang reflektiert und gef\u00f6rdert werden soll.<\/p>\n<p>Lit.: Detlef Horster: Das Sokratische Gespr\u00e4ch in Theorie und Praxis, Opladen 1994;<\/p>\n<p>Dieter Birnbacher und Dieter Krohn (Hrsg.): Das Sokratische Gespr\u00e4ch, Stuttgart 2002.<\/p>\n<p>Reinhard Schulz, geb. 1951, studierte nach einer Handwerkslehre Biologie, Philosophie und Soziologie in Bielefeld, promovierte nach Forschungst\u00e4tigkeiten in Kalifornien Molekularbiologie in Bremen, machte das Referendariat am damaligen Gymnasium Leibnizplatz in Bremen und ist&nbsp; seit 1985 an der Carl von Ossietzky Univerist\u00e4t Oldenburg zun\u00e4chst als Studienberater und nach seiner Habilitation in Philosophie heute als Professor f\u00fcr die Fachdidaktik von Philosophie\/Werte und Normen t\u00e4tig.<\/p>\n<p>Au\u00dferdem ist er Gesch\u00e4ftsf\u00fcher der seit 1990 in Oldenburg stattfindenden &#8222;Karl Jaspers Vorlesungen zu Fragen der Zeit&#8220; und des &#8222;studium fundamentale&#8220;.<\/p>\n<p>Kosten: &nbsp;f\u00fcr KunstRaum-Mitglieder&nbsp;&nbsp; 75 \u20ac&nbsp;&nbsp;&nbsp; andere&nbsp; 95 \u20ac&nbsp;&nbsp;&nbsp;&nbsp;&nbsp;&nbsp;&nbsp; erm. (Studenten) 75 \u20ac<\/p>\n<p>Anmeldung: Ute Seifert&nbsp;&nbsp; <a href=\"mailto:ute-seifert@t-online.de\">ute-seifert@t-online.de<\/a> fon 04205-8822 mobil 0151-12755983<\/p>\n<p>\u00dcberweisung der Seminargeb\u00fchr&nbsp; KSK Verden BLZ 29152670 Kto. 12395919<\/p>\n","protected":false},"excerpt":{"rendered":"<p>Sokratisches Gespr\u00e4ch:&nbsp; Wozu ist das Sch\u00f6ne gut? Die Frage nach der Kunst&#8230;&#8230;&#8230;. Ein Wochenendseminar zur Einf\u00fchrung in das philosophische Denken Prof. Dr. Reinhard Schulz Samstag 5.3..2011, 10.00-17.00 Uhr und Sonntag&nbsp; 6.3.2011, 10.00-14.00 Uhr KunstRaum \u2013 R\u00fcckertstr. 21 \u2013 Bremen Im &hellip; <a href=\"https:\/\/kunstraum-bremen.de\/?p=493\">Weiterlesen <span class=\"meta-nav\">&rarr;<\/span><\/a><\/p>\n","protected":false},"author":2,"featured_media":0,"comment_status":"open","ping_status":"open","sticky":false,"template":"","format":"standard","meta":{"footnotes":""},"categories":[1,5,7],"tags":[],"class_list":["post-493","post","type-post","status-publish","format-standard","hentry","category-allgemein","category-kurse","category-seminare"],"_links":{"self":[{"href":"https:\/\/kunstraum-bremen.de\/index.php?rest_route=\/wp\/v2\/posts\/493","targetHints":{"allow":["GET"]}}],"collection":[{"href":"https:\/\/kunstraum-bremen.de\/index.php?rest_route=\/wp\/v2\/posts"}],"about":[{"href":"https:\/\/kunstraum-bremen.de\/index.php?rest_route=\/wp\/v2\/types\/post"}],"author":[{"embeddable":true,"href":"https:\/\/kunstraum-bremen.de\/index.php?rest_route=\/wp\/v2\/users\/2"}],"replies":[{"embeddable":true,"href":"https:\/\/kunstraum-bremen.de\/index.php?rest_route=%2Fwp%2Fv2%2Fcomments&post=493"}],"version-history":[{"count":5,"href":"https:\/\/kunstraum-bremen.de\/index.php?rest_route=\/wp\/v2\/posts\/493\/revisions"}],"predecessor-version":[{"id":1213,"href":"https:\/\/kunstraum-bremen.de\/index.php?rest_route=\/wp\/v2\/posts\/493\/revisions\/1213"}],"wp:attachment":[{"href":"https:\/\/kunstraum-bremen.de\/index.php?rest_route=%2Fwp%2Fv2%2Fmedia&parent=493"}],"wp:term":[{"taxonomy":"category","embeddable":true,"href":"https:\/\/kunstraum-bremen.de\/index.php?rest_route=%2Fwp%2Fv2%2Fcategories&post=493"},{"taxonomy":"post_tag","embeddable":true,"href":"https:\/\/kunstraum-bremen.de\/index.php?rest_route=%2Fwp%2Fv2%2Ftags&post=493"}],"curies":[{"name":"wp","href":"https:\/\/api.w.org\/{rel}","templated":true}]}}