{"id":339,"date":"2010-02-23T19:06:44","date_gmt":"2010-02-23T17:06:44","guid":{"rendered":"http:\/\/www.kunstraum-bremen.de\/?p=339"},"modified":"2011-02-27T18:56:00","modified_gmt":"2011-02-27T18:56:00","slug":"13032010-raimer-jochims-himmel-erde-mitte","status":"publish","type":"post","link":"https:\/\/kunstraum-bremen.de\/?p=339","title":{"rendered":"13.03.2010: RAIMER JOCHIMS &#8211; ERDBEZUG, HIMMELSBEZUG, MITTE"},"content":{"rendered":"<p>[singlepic=55,320,240,,]<\/p>\n<p><strong><span class=\"courier-14-bold\">Einladung zur Ausstellungser\u00f6ffnung<\/span><\/strong><\/p>\n<p><strong>um 16 Uhr im KunstRaum R\u00fcckertstra\u00dfe 21, Bremen-Neustadt<\/strong><\/p>\n<p><strong>um 19 Uhr im Kulturhof Peterswerder am Schwarzen Meer 119, Bremen-Peterswerder<\/strong><\/p>\n<p><strong>Begr\u00fc\u00dfung und Einf\u00fchrung:<br \/>\nUte Seifert &amp; Tilman Rothermel<\/strong><\/p>\n<p><strong>Ausstellungsdauer:<br \/>\n13.3.2010 &#8211; 11.4.2010<\/strong><\/p>\n<p><strong>\u00d6ffnungszeiten:<br \/>\nMittwoch &#8211; Freitag 17.00 &#8211; 19.00 Uhr<br \/>\nSamstag\/Sonntag 14.00 &#8211; 19.00 Uhr<\/strong><\/p>\n<p><strong> <\/strong><\/p>\n","protected":false},"excerpt":{"rendered":"<p>[singlepic=55,320,240,,] Einladung zur Ausstellungser\u00f6ffnung um 16 Uhr im KunstRaum R\u00fcckertstra\u00dfe 21, Bremen-Neustadt um 19 Uhr im Kulturhof Peterswerder am Schwarzen Meer 119, Bremen-Peterswerder Begr\u00fc\u00dfung und Einf\u00fchrung: Ute Seifert &amp; Tilman Rothermel Ausstellungsdauer: 13.3.2010 &#8211; 11.4.2010 \u00d6ffnungszeiten: Mittwoch &#8211; Freitag 17.00 &hellip; <a href=\"https:\/\/kunstraum-bremen.de\/?p=339\">Weiterlesen <span class=\"meta-nav\">&rarr;<\/span><\/a><\/p>\n","protected":false},"author":1,"featured_media":0,"comment_status":"open","ping_status":"open","sticky":false,"template":"","format":"standard","meta":{"footnotes":""},"categories":[3],"tags":[],"class_list":["post-339","post","type-post","status-publish","format-standard","hentry","category-ausstellungen"],"_links":{"self":[{"href":"https:\/\/kunstraum-bremen.de\/index.php?rest_route=\/wp\/v2\/posts\/339","targetHints":{"allow":["GET"]}}],"collection":[{"href":"https:\/\/kunstraum-bremen.de\/index.php?rest_route=\/wp\/v2\/posts"}],"about":[{"href":"https:\/\/kunstraum-bremen.de\/index.php?rest_route=\/wp\/v2\/types\/post"}],"author":[{"embeddable":true,"href":"https:\/\/kunstraum-bremen.de\/index.php?rest_route=\/wp\/v2\/users\/1"}],"replies":[{"embeddable":true,"href":"https:\/\/kunstraum-bremen.de\/index.php?rest_route=%2Fwp%2Fv2%2Fcomments&post=339"}],"version-history":[{"count":1,"href":"https:\/\/kunstraum-bremen.de\/index.php?rest_route=\/wp\/v2\/posts\/339\/revisions"}],"predecessor-version":[{"id":511,"href":"https:\/\/kunstraum-bremen.de\/index.php?rest_route=\/wp\/v2\/posts\/339\/revisions\/511"}],"wp:attachment":[{"href":"https:\/\/kunstraum-bremen.de\/index.php?rest_route=%2Fwp%2Fv2%2Fmedia&parent=339"}],"wp:term":[{"taxonomy":"category","embeddable":true,"href":"https:\/\/kunstraum-bremen.de\/index.php?rest_route=%2Fwp%2Fv2%2Fcategories&post=339"},{"taxonomy":"post_tag","embeddable":true,"href":"https:\/\/kunstraum-bremen.de\/index.php?rest_route=%2Fwp%2Fv2%2Ftags&post=339"}],"curies":[{"name":"wp","href":"https:\/\/api.w.org\/{rel}","templated":true}]}}