{"id":1692,"date":"2020-10-19T10:47:44","date_gmt":"2020-10-19T10:47:44","guid":{"rendered":"http:\/\/kunstraum-bremen.de\/?p=1692"},"modified":"2020-12-19T21:36:02","modified_gmt":"2020-12-19T21:36:02","slug":"einladung-zu-einem-workshop-zwischen-den-jahren-28-30-12-2020","status":"publish","type":"post","link":"https:\/\/kunstraum-bremen.de\/?p=1692","title":{"rendered":"Einladung zu einem Workshop zwischen den Jahren                            28. &#8211; 30.12.2020    &#8211;   sorry &#8230;.."},"content":{"rendered":"\n<p class=\"has-medium-font-size\">&#8230;.. wir mu\u00dften den Workshop aufgrund der aktuellen Corona-Infektionszahlen zur\u00fcckstellen  &#8211; und hoffen, dass wir uns in 2021 zu einem \u00e4hnlichen Anlass treffen werden&#8230;&#8230;&#8230;..<\/p>\n\n\n\n<p>Die Weihnachtstage sind vor\u00fcber.<br>Es beginnt eine Zeit au\u00dferhalb der Zeit, zwischen den Jahren.<\/p>\n\n\n\n<p>Wir nehmen uns Zeit, die Zeit als Thema.<\/p>\n\n\n\n<p>Zeit, die Besinnung erm\u00f6glicht<br>Zeit f\u00fcr einen Blick zur\u00fcck und einen Blick voraus<br>Zeit f\u00fcr GEGENWART, die mir geh\u00f6rt und die im k\u00fcnstlerischen Arbeiten erm\u00f6glicht, ganz bei sich zu sein.<\/p>\n\n\n\n<figure class=\"wp-block-image size-large\"><img decoding=\"async\" src=\"http:\/\/kunstraum-bremen.de\/wp-content\/uploads\/2020\/10\/bildreihe-1.jpeg\" alt=\"\" class=\"wp-image-1696\"\/><figcaption>\u00d6lkreide auf Karton, zerschnitten und neu gef\u00fcgt, 3tlg. je 40&#215;50 cm<\/figcaption><\/figure>\n\n\n\n<p>Wir k\u00f6nnen auch der Malerei und der Farbe nachsp\u00fcren in Bild-Serien, Collage-Arbeiten , \u00dcberarbeiten oder Einarbeiten von Photographien, sonstigen Mischtechniken, oder dem Anlegen eines Buches f\u00fcr diese Zeit zwischen den Jahren (und vielleicht sogar dieses danach weiterf\u00fchren?).\u2026..<\/p>\n\n\n\n<figure class=\"wp-block-image size-large\"><img fetchpriority=\"high\" decoding=\"async\" width=\"1024\" height=\"768\" src=\"http:\/\/kunstraum-bremen.de\/wp-content\/uploads\/2020\/10\/DSC04290-1024x768.jpg\" alt=\"\" class=\"wp-image-1695\" srcset=\"https:\/\/kunstraum-bremen.de\/wp-content\/uploads\/2020\/10\/DSC04290-1024x768.jpg 1024w, https:\/\/kunstraum-bremen.de\/wp-content\/uploads\/2020\/10\/DSC04290-300x225.jpg 300w, https:\/\/kunstraum-bremen.de\/wp-content\/uploads\/2020\/10\/DSC04290-768x576.jpg 768w, https:\/\/kunstraum-bremen.de\/wp-content\/uploads\/2020\/10\/DSC04290-2048x1536.jpg 2048w\" sizes=\"(max-width: 1024px) 100vw, 1024px\" \/><figcaption>Papierarbeiten <br><\/figcaption><\/figure>\n\n\n\n<p>Oder man w\u00e4hlt Papier als Arbeitsmaterial &#8211; es kann kleines Format sein ebenso wie gro\u00dfes, sie kann fl\u00e4chig oder skulptural werden, abbildend oder abstrakt, man kann Objekte in den Raum stellen, mit Farbe arbeiten oder monochrom bleiben. Die medialen M\u00f6glichkeiten sind vielf\u00e4ltig.<\/p>\n\n\n\n<p>Es k\u00f6nnen auch Hochdruck-Drucktechniken gew\u00e4hlt werden (Linoldruck, Monotypie und experimenteller Druck).<\/p>\n\n\n\n<figure class=\"wp-block-image size-large\"><img decoding=\"async\" width=\"1024\" height=\"768\" src=\"http:\/\/kunstraum-bremen.de\/wp-content\/uploads\/2020\/10\/DSC08446-1024x768.jpg\" alt=\"\" class=\"wp-image-1697\" srcset=\"https:\/\/kunstraum-bremen.de\/wp-content\/uploads\/2020\/10\/DSC08446-1024x768.jpg 1024w, https:\/\/kunstraum-bremen.de\/wp-content\/uploads\/2020\/10\/DSC08446-300x225.jpg 300w, https:\/\/kunstraum-bremen.de\/wp-content\/uploads\/2020\/10\/DSC08446-768x576.jpg 768w, https:\/\/kunstraum-bremen.de\/wp-content\/uploads\/2020\/10\/DSC08446.jpg 1280w\" sizes=\"(max-width: 1024px) 100vw, 1024px\" \/><figcaption>Linoldruckarbeiten in Verbindung mit einer Buchbindearbeit (Mappe f\u00fcr die Druckserie)<\/figcaption><\/figure>\n\n\n\n<p>Die Gruppe wird nur 3 &#8211; 4 TeilnehmerInnen umfassen. 2 &#8211; 3 Pl\u00e4tze sind noch frei.<\/p>\n\n\n\n<p>Wir sprechen vorher ab, wer in welchem Medium arbeiten m\u00f6chte, so dass das Material vorbereitet werden kann. Von euch oder auch nach Absprache von mir.<\/p>\n\n\n\n<p>Der Workshop umfasst 3 Tage, wird begleitet von kleinen Textpassagen zu dieser Jahres-Zeit.<br>Es kann gemeinsam oder abwechselnd hier gekocht werden.<\/p>\n\n\n\n<p>Es gibt die M\u00f6glichkeit hier im Haus zu \u00fcbernachten.<\/p>\n\n\n\n<p>3 Tage &#8211; <strong>Mo 28. &#8211; Mi 30.12.2020<\/strong>  Beginn Montag um 10 Uhr. Ende Mittwoch ca. 18 Uhr.<\/p>\n\n\n\n<p>Seminar-Geb\u00fchr 190 \u20ac incl. \u00dcbernachtung zzgl. 10 \u20ac Bettw\u00e4sche\/Handt\u00fccher. Verpflegung ist nicht inbegriffen. (Absprache)<\/p>\n\n\n\n<p><strong>Verbindliche Anmeldung bis 1.12.2020<\/strong><\/p>\n\n\n\n<p> Bei Abmeldung 3 Wochen vor dem Wochenende gibt es eine Bearbeitungsgeb\u00fchr in H\u00f6he von 30,- EUR. Erreicht uns die Abmeldung innerhalb von 14 Tagen vor Seminarbeginn, wird eine Ausfallgeb\u00fchr in H\u00f6he von 50% des Kostenanteils f\u00e4llig. Bei weniger als 14 Tagen ist die gesamte Geb\u00fchr zu entrichten. Sollte jemand nicht erscheinen, ohne sich vorher abgemeldet zu haben oder erreicht uns die Abmeldung am Tag des Seminarbeginns, wird der ebenfalls gesamte Kostenanteil f\u00e4llig<\/p>\n\n\n\n<p><\/p>\n\n\n\n<p><\/p>\n","protected":false},"excerpt":{"rendered":"<p>&#8230;.. wir mu\u00dften den Workshop aufgrund der aktuellen Corona-Infektionszahlen zur\u00fcckstellen &#8211; und hoffen, dass wir uns in 2021 zu einem \u00e4hnlichen Anlass treffen werden&#8230;&#8230;&#8230;.. Die Weihnachtstage sind vor\u00fcber.Es beginnt eine Zeit au\u00dferhalb der Zeit, zwischen den Jahren. Wir nehmen uns &hellip; <a href=\"https:\/\/kunstraum-bremen.de\/?p=1692\">Weiterlesen <span class=\"meta-nav\">&rarr;<\/span><\/a><\/p>\n","protected":false},"author":2,"featured_media":0,"comment_status":"open","ping_status":"open","sticky":false,"template":"","format":"standard","meta":{"footnotes":""},"categories":[1,5],"tags":[],"class_list":["post-1692","post","type-post","status-publish","format-standard","hentry","category-allgemein","category-kurse"],"_links":{"self":[{"href":"https:\/\/kunstraum-bremen.de\/index.php?rest_route=\/wp\/v2\/posts\/1692","targetHints":{"allow":["GET"]}}],"collection":[{"href":"https:\/\/kunstraum-bremen.de\/index.php?rest_route=\/wp\/v2\/posts"}],"about":[{"href":"https:\/\/kunstraum-bremen.de\/index.php?rest_route=\/wp\/v2\/types\/post"}],"author":[{"embeddable":true,"href":"https:\/\/kunstraum-bremen.de\/index.php?rest_route=\/wp\/v2\/users\/2"}],"replies":[{"embeddable":true,"href":"https:\/\/kunstraum-bremen.de\/index.php?rest_route=%2Fwp%2Fv2%2Fcomments&post=1692"}],"version-history":[{"count":3,"href":"https:\/\/kunstraum-bremen.de\/index.php?rest_route=\/wp\/v2\/posts\/1692\/revisions"}],"predecessor-version":[{"id":1741,"href":"https:\/\/kunstraum-bremen.de\/index.php?rest_route=\/wp\/v2\/posts\/1692\/revisions\/1741"}],"wp:attachment":[{"href":"https:\/\/kunstraum-bremen.de\/index.php?rest_route=%2Fwp%2Fv2%2Fmedia&parent=1692"}],"wp:term":[{"taxonomy":"category","embeddable":true,"href":"https:\/\/kunstraum-bremen.de\/index.php?rest_route=%2Fwp%2Fv2%2Fcategories&post=1692"},{"taxonomy":"post_tag","embeddable":true,"href":"https:\/\/kunstraum-bremen.de\/index.php?rest_route=%2Fwp%2Fv2%2Ftags&post=1692"}],"curies":[{"name":"wp","href":"https:\/\/api.w.org\/{rel}","templated":true}]}}