{"id":1273,"date":"2017-11-29T22:53:09","date_gmt":"2017-11-29T22:53:09","guid":{"rendered":"http:\/\/kunstraum-bremen.de\/?p=1273"},"modified":"2017-12-10T19:40:09","modified_gmt":"2017-12-10T19:40:09","slug":"nachbarschaftlich-freundschaftlicher-hinweis-lichter-der-neustadt-6-21-dezember-2017","status":"publish","type":"post","link":"https:\/\/kunstraum-bremen.de\/?p=1273","title":{"rendered":"nachbarschaftlich-freundschaftlicher Hinweis:    LICHTER DER NEUSTADT     6.-21. Dezember  2017"},"content":{"rendered":"<p><strong><a href=\"http:\/\/kunstraum-bremen.de\/wp-content\/uploads\/2017\/11\/23032911_953599651457791_4038082576853027048_n.jpeg\"><img fetchpriority=\"high\" decoding=\"async\" class=\"alignleft size-medium wp-image-1283\" src=\"http:\/\/kunstraum-bremen.de\/wp-content\/uploads\/2017\/11\/23032911_953599651457791_4038082576853027048_n-300x300.jpeg\" alt=\"neustadt\" width=\"300\" height=\"300\" srcset=\"https:\/\/kunstraum-bremen.de\/wp-content\/uploads\/2017\/11\/23032911_953599651457791_4038082576853027048_n-300x300.jpeg 300w, https:\/\/kunstraum-bremen.de\/wp-content\/uploads\/2017\/11\/23032911_953599651457791_4038082576853027048_n-150x150.jpeg 150w, https:\/\/kunstraum-bremen.de\/wp-content\/uploads\/2017\/11\/23032911_953599651457791_4038082576853027048_n-768x768.jpeg 768w, https:\/\/kunstraum-bremen.de\/wp-content\/uploads\/2017\/11\/23032911_953599651457791_4038082576853027048_n.jpeg 960w\" sizes=\"(max-width: 300px) 100vw, 300px\" \/><\/a>Lichter der Neustadt 2017<\/strong><br \/>\nKunst \/\/ Kultur \/\/ Gaumenschmaus<\/p>\n<p><a href=\"http:\/\/kunstraum-bremen.de\/wp-content\/uploads\/2017\/11\/PM_Lichter-der-Neustadt-2017.pdf\">PM_Lichter der Neustadt 2017<\/a><\/p>\n<p>Vom <strong>6. bis 21. Dezember 2017<\/strong><\/p>\n<p>Mo.- Do. 16 Uhr bis 22 Uhr<br \/>\nFr. 16 Uhr bis 23 Uhr<br \/>\nSa. 14 Uhr bis 23 Uhr<br \/>\nSo. 14 Uhr bis 22 Uhr<\/p>\n<p>An der Wilhelm-Kaisen-Br\u00fccke<br \/>\nKreuzungsbereich<br \/>\nFriedrich-Ebert-Stra\u00dfe 1-9<\/p>\n<p>Vom 6. bis zum 21. Dezember 2017 laden die \u201eLichter der Neustadt\u201c zum\u2028dritten Mal zu Kunst, Kultur, Musik, Essen und Gl\u00fchwein ein.<br \/>\nDurch gemeinsame Aktivit\u00e4t, Begegnung und Austausch machen wir die Neustadt in der kalten grauen Winterzeit zu einem offenen und bunten Ort.\u2028F\u00fcr originelle und unkonventionelle Geschenkideen bieten t\u00e4glich wechselnde Aussteller, selbstgefertigte Produkte und Unikate aus den Bereichen Textil, Schmuck und Design an.<br \/>\nNeben einem breiten Angebot f\u00fcr Kinder besteht das kulturelle\u2028Rahmenprogramm aus wechselnden Kulturveranstaltungen mit Stra\u00dfenk\u00fcnstlern,\u2028Theatervorstellungen, Lesungen, Workshops (Songwriting mit John Allen, Graffiti f\u00fcr Kids, DJ mit Lady Oelectric, analoge Fotografie uvm.), Livemusik und weiteren \u00dcberraschungen.<\/p>\n<p>Programm\u00fcbersicht, Informationen und Anmeldungen zu den Workshops unter www.lichterderneustadt.de<\/p>\n<p>F\u00f6rderer und Kooperationspartner: Vis-A-Vis Netzwerk, Neustadt Stadtteilmanagement, Senator f\u00fcr Umwelt, Bau und Verkehr, Beirat Neustadt\/Woltmershausen, Senator f\u00fcr Wirtschaft, Arbeit und H\u00e4fen, Sparkasse Bremen, Grabhans, Haake-Beck, Horst Wehmann GmbH, Wirtschaftsf\u00f6rderung Bremen \u2013 bike it, Alte Schnapsfabrik, WIR-Neustadt-Bremen e.V., Offene Ateliers Neustadt, Kunst [ ] Raum Bremen, Kulturbeutel e.V., Sunnybike, Auszeit, Panama-Bar, Peng!, pourpour, Papp, KARTON, Krossa Ideenmanufaktur, Klaas Seekamp, Dreimeterbretter, Brutst\u00e4tte Kultur &amp; Anmut.<\/p>\n","protected":false},"excerpt":{"rendered":"<p>Lichter der Neustadt 2017 Kunst \/\/ Kultur \/\/ Gaumenschmaus PM_Lichter der Neustadt 2017 Vom 6. bis 21. Dezember 2017 Mo.- Do. 16 Uhr bis 22 Uhr Fr. 16 Uhr bis 23 Uhr Sa. 14 Uhr bis 23 Uhr So. 14 &hellip; <a href=\"https:\/\/kunstraum-bremen.de\/?p=1273\">Weiterlesen <span class=\"meta-nav\">&rarr;<\/span><\/a><\/p>\n","protected":false},"author":2,"featured_media":0,"comment_status":"open","ping_status":"open","sticky":false,"template":"","format":"standard","meta":{"footnotes":""},"categories":[1,3,6,7,8],"tags":[],"class_list":["post-1273","post","type-post","status-publish","format-standard","hentry","category-allgemein","category-ausstellungen","category-neu","category-seminare","category-vortrage"],"_links":{"self":[{"href":"https:\/\/kunstraum-bremen.de\/index.php?rest_route=\/wp\/v2\/posts\/1273","targetHints":{"allow":["GET"]}}],"collection":[{"href":"https:\/\/kunstraum-bremen.de\/index.php?rest_route=\/wp\/v2\/posts"}],"about":[{"href":"https:\/\/kunstraum-bremen.de\/index.php?rest_route=\/wp\/v2\/types\/post"}],"author":[{"embeddable":true,"href":"https:\/\/kunstraum-bremen.de\/index.php?rest_route=\/wp\/v2\/users\/2"}],"replies":[{"embeddable":true,"href":"https:\/\/kunstraum-bremen.de\/index.php?rest_route=%2Fwp%2Fv2%2Fcomments&post=1273"}],"version-history":[{"count":5,"href":"https:\/\/kunstraum-bremen.de\/index.php?rest_route=\/wp\/v2\/posts\/1273\/revisions"}],"predecessor-version":[{"id":1284,"href":"https:\/\/kunstraum-bremen.de\/index.php?rest_route=\/wp\/v2\/posts\/1273\/revisions\/1284"}],"wp:attachment":[{"href":"https:\/\/kunstraum-bremen.de\/index.php?rest_route=%2Fwp%2Fv2%2Fmedia&parent=1273"}],"wp:term":[{"taxonomy":"category","embeddable":true,"href":"https:\/\/kunstraum-bremen.de\/index.php?rest_route=%2Fwp%2Fv2%2Fcategories&post=1273"},{"taxonomy":"post_tag","embeddable":true,"href":"https:\/\/kunstraum-bremen.de\/index.php?rest_route=%2Fwp%2Fv2%2Ftags&post=1273"}],"curies":[{"name":"wp","href":"https:\/\/api.w.org\/{rel}","templated":true}]}}