{"id":1016,"date":"2015-07-15T09:32:44","date_gmt":"2015-07-15T09:32:44","guid":{"rendered":"http:\/\/kunstraum-bremen.de\/?p=1016"},"modified":"2017-07-14T23:14:40","modified_gmt":"2017-07-14T23:14:40","slug":"12-13-9-2015-sokratisches-gespraech-wie-wollen-wir-leben-2","status":"publish","type":"post","link":"https:\/\/kunstraum-bremen.de\/?p=1016","title":{"rendered":"12.\/13.9.2015 Sokratisches Gespr\u00e4ch &#8222;wie wollen wir leben?&#8220;"},"content":{"rendered":"<p>Ein Wochenendseminar zur Einf\u00fchrung in das philosophische Denken mit Prof. Dr. Reinhard Schulz (Universit\u00e4t Oldenburg)<\/p>\n<p>Sa. 12.9.2015 von 10 &#8211; 17 uhr So 13.9.2015 von 10 &#8211; 14 uhr<\/p>\n<p>im sokratischen Gespr\u00e4ch besch\u00e4ftigen wir uns an einem Wochenende vertiefend mit dem Thema &#8222;Wie wollen wir leben?&#8220;<br \/>\nDurch differenzierte Begriffskl\u00e4rung, wechselseitige Verst\u00e4ndigung und dem schriftlichen Festhalten der in der Argumentation mit anderen erreichten Resultate, soll eine Verst\u00e4ndigung \u00fcber die Verst\u00e4ndigung ezielt werden. Die themenbezogenen Sachgespr\u00e4che werden dabei von Zeit zu Zeit durch Meta- und Analysegespr\u00e4che unterbrochen, womit der unter Umst\u00e4nden ins Stocken geratende Argumentationsgang reflektiert und gef\u00f6rdert werden soll.<\/p>\n<p>Literatur: Detlef Horster &#8211; Das sokratische Gespr\u00e4ch in Theorie und Praxis, Opladen 1994<br \/>\nDieter Birnbacher und Dieter Krohn (Hrsg.) &#8211; Das sokratische Gespr\u00e4ch, Stuttgart 2002<\/p>\n<p>Reinhard Schulz, geb. 1951, studierte nach einer Handwerkslehre Biologie, Philosophie und Soziologie in Bielefeld, promovierte nach Forschungst\u00e4tigkeiten in Kalifornien im Bereich Molekularbiologie in Bremen, machte das Referendariat am damaligen Gymnasium am Leibnizplatz (HB) und ist seit 1985 an der Carl von Ossietzky Universt\u00e4t Oldenburg zun\u00e4chst als Studienberater und nach seiner Habilitation in Philosophie heute als Professor f\u00fcr die Fachdidaktik von Philosphie\/Werte und Normen t\u00e4tig. Au\u00dferdem ist er Gesch\u00e4ftsf\u00fchrer der seit 1990 in Oldenburg stattfindenden &#8222;Karl Jaspers Vorlesungen zu Fragen der Zeit&#8220; und des &#8222;Studium fundamentale&#8220;. F\u00fcr seine Bem\u00fchungen um die Pflege und Vermittlung des Sokratischen Gespr\u00e4chs wurde er mit einem Preis ausgezeichnet.<\/p>\n<p>Seminargeb\u00fchr: 95 \u20ac \/ Erm\u00e4\u00dfigung auf Anfrage. &nbsp; F\u00fcr Kunst [ ] Raum-Mitglieder 75 \u20ac<\/p>\n<p>Ort: Kunst [ ] Raum Bremen R\u00fcckertstr. 21 28199 Bremen-Neustadt<\/p>\n<p>Anmeldung:&nbsp;&nbsp; <strong>bis&nbsp; 1.9.2015&nbsp;<\/strong>&nbsp; kunstraum-bremen@t-online.de (bitte gerne fr\u00fchezeitig!)<\/p>\n<p>Die Anmeldung wird mit \u00dcberweisung der Seminargeb\u00fchr verbindlich.&nbsp;&nbsp;&nbsp;&nbsp;&nbsp;&nbsp;&nbsp;&nbsp;&nbsp;&nbsp; Bankverbindung:&nbsp;&nbsp;&nbsp;&nbsp;&nbsp;&nbsp;&nbsp;&nbsp;&nbsp;&nbsp;&nbsp;&nbsp;&nbsp;&nbsp;&nbsp;&nbsp;&nbsp;&nbsp;&nbsp;&nbsp;&nbsp;&nbsp;&nbsp;&nbsp;&nbsp;&nbsp;&nbsp;&nbsp;&nbsp;&nbsp;&nbsp;&nbsp;&nbsp;&nbsp;&nbsp;&nbsp;&nbsp;&nbsp;&nbsp;&nbsp;&nbsp;&nbsp;&nbsp;&nbsp;&nbsp;&nbsp;&nbsp;&nbsp;&nbsp;&nbsp;&nbsp;&nbsp;&nbsp;&nbsp;&nbsp;&nbsp;&nbsp;&nbsp;&nbsp;&nbsp;&nbsp;&nbsp;&nbsp;&nbsp;&nbsp;&nbsp;&nbsp;&nbsp;&nbsp;&nbsp;&nbsp;&nbsp;&nbsp;&nbsp;&nbsp;&nbsp;&nbsp;&nbsp;&nbsp;&nbsp;&nbsp;&nbsp;&nbsp;&nbsp;&nbsp;&nbsp;&nbsp;&nbsp;&nbsp;&nbsp;&nbsp;&nbsp;&nbsp;&nbsp;&nbsp;&nbsp;&nbsp;&nbsp;&nbsp;&nbsp;&nbsp;&nbsp;&nbsp;&nbsp;&nbsp;&nbsp;&nbsp;&nbsp;&nbsp;&nbsp;&nbsp;&nbsp;&nbsp;&nbsp;&nbsp;&nbsp;&nbsp;&nbsp;&nbsp;&nbsp;&nbsp;&nbsp;&nbsp;&nbsp;&nbsp;&nbsp;&nbsp;&nbsp;&nbsp;&nbsp;&nbsp;&nbsp; KunstRaum Bremen\/U.Seifert&nbsp;&nbsp;&nbsp;&nbsp;&nbsp;&nbsp;&nbsp; KSK Verden BLZ 29152670 Kto.12395919<\/p>\n","protected":false},"excerpt":{"rendered":"<p>Ein Wochenendseminar zur Einf\u00fchrung in das philosophische Denken mit Prof. Dr. Reinhard Schulz (Universit\u00e4t Oldenburg) Sa. 12.9.2015 von 10 &#8211; 17 uhr So 13.9.2015 von 10 &#8211; 14 uhr im sokratischen Gespr\u00e4ch besch\u00e4ftigen wir uns an einem Wochenende vertiefend mit &hellip; <a href=\"https:\/\/kunstraum-bremen.de\/?p=1016\">Weiterlesen <span class=\"meta-nav\">&rarr;<\/span><\/a><\/p>\n","protected":false},"author":2,"featured_media":0,"comment_status":"open","ping_status":"open","sticky":false,"template":"","format":"standard","meta":{"footnotes":""},"categories":[1,5,7],"tags":[],"class_list":["post-1016","post","type-post","status-publish","format-standard","hentry","category-allgemein","category-kurse","category-seminare"],"_links":{"self":[{"href":"https:\/\/kunstraum-bremen.de\/index.php?rest_route=\/wp\/v2\/posts\/1016","targetHints":{"allow":["GET"]}}],"collection":[{"href":"https:\/\/kunstraum-bremen.de\/index.php?rest_route=\/wp\/v2\/posts"}],"about":[{"href":"https:\/\/kunstraum-bremen.de\/index.php?rest_route=\/wp\/v2\/types\/post"}],"author":[{"embeddable":true,"href":"https:\/\/kunstraum-bremen.de\/index.php?rest_route=\/wp\/v2\/users\/2"}],"replies":[{"embeddable":true,"href":"https:\/\/kunstraum-bremen.de\/index.php?rest_route=%2Fwp%2Fv2%2Fcomments&post=1016"}],"version-history":[{"count":2,"href":"https:\/\/kunstraum-bremen.de\/index.php?rest_route=\/wp\/v2\/posts\/1016\/revisions"}],"predecessor-version":[{"id":1210,"href":"https:\/\/kunstraum-bremen.de\/index.php?rest_route=\/wp\/v2\/posts\/1016\/revisions\/1210"}],"wp:attachment":[{"href":"https:\/\/kunstraum-bremen.de\/index.php?rest_route=%2Fwp%2Fv2%2Fmedia&parent=1016"}],"wp:term":[{"taxonomy":"category","embeddable":true,"href":"https:\/\/kunstraum-bremen.de\/index.php?rest_route=%2Fwp%2Fv2%2Fcategories&post=1016"},{"taxonomy":"post_tag","embeddable":true,"href":"https:\/\/kunstraum-bremen.de\/index.php?rest_route=%2Fwp%2Fv2%2Ftags&post=1016"}],"curies":[{"name":"wp","href":"https:\/\/api.w.org\/{rel}","templated":true}]}}