{"id":664,"date":"2013-02-26T10:49:54","date_gmt":"2013-02-26T10:49:54","guid":{"rendered":"http:\/\/kunstraum-bremen.de\/?p=664"},"modified":"2017-07-14T23:13:34","modified_gmt":"2017-07-14T23:13:34","slug":"montag-11-3-2013-19-00-uhr-gedenkabend-fur-japan-fukushima","status":"publish","type":"post","link":"http:\/\/kunstraum-bremen.de\/?p=664","title":{"rendered":"Montag 11.3.2013  19.00 uhr   GEDENKABEND f\u00fcr Japan \/Fukushima"},"content":{"rendered":"<p>Mo 11.3.2013&nbsp;&nbsp; 19.00 Uhr&nbsp;&nbsp; Gedenkveranstaltung zur Tsunami- und<br \/>\nKernkraft-Katastrophe am11. M\u00e4rz 2011 in Japan<\/p>\n<p><strong>Not like before&nbsp; &#8211; 1 year, 1 question, 8 people<\/strong><br \/>\nEin Film von Nicolas Humbert + Werner Penzel<br \/>\n(in Ausz\u00fcgen)<\/p>\n<p><strong>Zeitgen\u00f6ssische Haiku<\/strong>, gesammelt aus japanischen<br \/>\nTageszeitungen&nbsp; &#8211; gelesen auf japanisch und deutsch<br \/>\nvon Eiko Fujita + Ute Seifert, begleitet von<br \/>\n<strong>Musik auf der Shakuhachi-Fl\u00f6te<\/strong> \u2013 Dieter Weische<\/p>\n<p><strong>Fukushima, mein radioaktives Tagebuch<br \/>\nLesung<\/strong> von Wolfgang Schlott<\/p>\n<p><span style=\"text-decoration: underline;\">Zum Film: Not like before<\/span><\/p>\n<p>From january to november 2004, as a kind of \u201ecarnet de voyage\u201c alongside our other activities, we asked one and the same question of various people we met on our journeys, including friends: \u201eDo you remember a moment in your life when something really changed?\u201c We requested them to&nbsp; tell us a story to illustrate their reply, and we filmed them. From a collection of 20 anecdotes, we have selected eight and assembled them into a film. The contributors are: <strong>Agn\u00e8s Varda, Nicolas Phillibert<\/strong>, June Leaf, Fabiana de Barros, Michel Favre, Andrea Briggs, <strong>Anton Marty<\/strong> and Amy Marashinsky.<br \/>\n40 min. colour \/ by nicolas humbert&nbsp; + werner penzel, 2005<\/p>\n<p><span style=\"text-decoration: underline;\">Zur Lesung: Fukushima, mein radioaktives Tagebuch<\/span><br \/>\nIn seinem Tagebuch Fukushima &#8211; Mein radioaktives Tagebuch besch\u00e4ftigt sich Wolfgang Schlott mit der Auswirkung der nuklearen Katastrophe in den japanischen AKW auf das Massenbewusstsein in Deutschland und in Japan. Er<br \/>\nbeschreibt nicht nur den Einfluss von&nbsp; Presse, Internet und Fernsehen auf die \u00f6ffentliche Meinung in Deutschland. In der pers\u00f6nlichen Begegnung mit einem jungen Japaner, der auf seiner Flucht vor der Katastrophe in Bremen landet, berichtet er auch \u00fcber die \u00c4ngste in den Gespr\u00e4chen mit ihm.<\/p>\n<p>Beitrag zur Kostendeckung:&nbsp; 8 \u20ac<\/p>\n","protected":false},"excerpt":{"rendered":"<p>Mo 11.3.2013&nbsp;&nbsp; 19.00 Uhr&nbsp;&nbsp; Gedenkveranstaltung zur Tsunami- und Kernkraft-Katastrophe am11. M\u00e4rz 2011 in Japan Not like before&nbsp; &#8211; 1 year, 1 question, 8 people Ein Film von Nicolas Humbert + Werner Penzel (in Ausz\u00fcgen) Zeitgen\u00f6ssische Haiku, gesammelt aus japanischen Tageszeitungen&nbsp; &hellip; <a href=\"http:\/\/kunstraum-bremen.de\/?p=664\">Weiterlesen <span class=\"meta-nav\">&rarr;<\/span><\/a><\/p>\n","protected":false},"author":2,"featured_media":0,"comment_status":"open","ping_status":"open","sticky":false,"template":"","format":"standard","meta":{"footnotes":""},"categories":[1,3,8],"tags":[],"class_list":["post-664","post","type-post","status-publish","format-standard","hentry","category-allgemein","category-ausstellungen","category-vortrage"],"_links":{"self":[{"href":"http:\/\/kunstraum-bremen.de\/index.php?rest_route=\/wp\/v2\/posts\/664","targetHints":{"allow":["GET"]}}],"collection":[{"href":"http:\/\/kunstraum-bremen.de\/index.php?rest_route=\/wp\/v2\/posts"}],"about":[{"href":"http:\/\/kunstraum-bremen.de\/index.php?rest_route=\/wp\/v2\/types\/post"}],"author":[{"embeddable":true,"href":"http:\/\/kunstraum-bremen.de\/index.php?rest_route=\/wp\/v2\/users\/2"}],"replies":[{"embeddable":true,"href":"http:\/\/kunstraum-bremen.de\/index.php?rest_route=%2Fwp%2Fv2%2Fcomments&post=664"}],"version-history":[{"count":13,"href":"http:\/\/kunstraum-bremen.de\/index.php?rest_route=\/wp\/v2\/posts\/664\/revisions"}],"predecessor-version":[{"id":1208,"href":"http:\/\/kunstraum-bremen.de\/index.php?rest_route=\/wp\/v2\/posts\/664\/revisions\/1208"}],"wp:attachment":[{"href":"http:\/\/kunstraum-bremen.de\/index.php?rest_route=%2Fwp%2Fv2%2Fmedia&parent=664"}],"wp:term":[{"taxonomy":"category","embeddable":true,"href":"http:\/\/kunstraum-bremen.de\/index.php?rest_route=%2Fwp%2Fv2%2Fcategories&post=664"},{"taxonomy":"post_tag","embeddable":true,"href":"http:\/\/kunstraum-bremen.de\/index.php?rest_route=%2Fwp%2Fv2%2Ftags&post=664"}],"curies":[{"name":"wp","href":"https:\/\/api.w.org\/{rel}","templated":true}]}}