{"id":658,"date":"2012-07-16T14:11:32","date_gmt":"2012-07-16T14:11:32","guid":{"rendered":"http:\/\/kunstraum-bremen.de\/?p=658"},"modified":"2014-10-11T17:45:26","modified_gmt":"2014-10-11T17:45:26","slug":"so-25-11-2012-ausstellung-jurgen-bodo-scholz-lutz-holscher-feierabend","status":"publish","type":"post","link":"http:\/\/kunstraum-bremen.de\/?p=658","title":{"rendered":"So 25.11.2012 Ausstellung:   J\u00fcrgen Bodo Scholz + Lutz H\u00f6lscher  FEIERABEND"},"content":{"rendered":"<p style=\"text-align: center;\">25.11.2012 \u2013 16.12.2012<\/p>\n<p style=\"text-align: center;\">Er\u00f6ffnung der Ausstellung am Sonntag 25.11.2012 um 11.00 uhr<\/p>\n<p style=\"text-align: center;\">Zur Ausstellungser\u00f6ffnung gibt es einen musikalischen Beitrag der K\u00fcnstler.<\/p>\n<p><a href=\"http:\/\/kunstraum-bremen.de\/wp-content\/uploads\/2012\/07\/l.h\u00f6lscher-h\u00fctten-100x140-mischtechnik-ausschn.-2012.jpg\"><img fetchpriority=\"high\" decoding=\"async\" class=\"aligncenter size-medium wp-image-659\" title=\"l.h\u00f6lscher-h\u00fctten 100x140 mischtechnik (ausschn.) 2012\" src=\"http:\/\/kunstraum-bremen.de\/wp-content\/uploads\/2012\/07\/l.h\u00f6lscher-h\u00fctten-100x140-mischtechnik-ausschn.-2012-300x225.jpg\" alt=\"\" width=\"300\" height=\"225\" srcset=\"http:\/\/kunstraum-bremen.de\/wp-content\/uploads\/2012\/07\/l.h\u00f6lscher-h\u00fctten-100x140-mischtechnik-ausschn.-2012-300x225.jpg 300w, http:\/\/kunstraum-bremen.de\/wp-content\/uploads\/2012\/07\/l.h\u00f6lscher-h\u00fctten-100x140-mischtechnik-ausschn.-2012-1024x768.jpg 1024w\" sizes=\"(max-width: 300px) 100vw, 300px\" \/><\/a><\/p>\n","protected":false},"excerpt":{"rendered":"<p>25.11.2012 \u2013 16.12.2012 Er\u00f6ffnung der Ausstellung am Sonntag 25.11.2012 um 11.00 uhr Zur Ausstellungser\u00f6ffnung gibt es einen musikalischen Beitrag der K\u00fcnstler.<\/p>\n","protected":false},"author":2,"featured_media":0,"comment_status":"open","ping_status":"open","sticky":false,"template":"","format":"standard","meta":{"footnotes":""},"categories":[1,3],"tags":[],"class_list":["post-658","post","type-post","status-publish","format-standard","hentry","category-allgemein","category-ausstellungen"],"_links":{"self":[{"href":"http:\/\/kunstraum-bremen.de\/index.php?rest_route=\/wp\/v2\/posts\/658","targetHints":{"allow":["GET"]}}],"collection":[{"href":"http:\/\/kunstraum-bremen.de\/index.php?rest_route=\/wp\/v2\/posts"}],"about":[{"href":"http:\/\/kunstraum-bremen.de\/index.php?rest_route=\/wp\/v2\/types\/post"}],"author":[{"embeddable":true,"href":"http:\/\/kunstraum-bremen.de\/index.php?rest_route=\/wp\/v2\/users\/2"}],"replies":[{"embeddable":true,"href":"http:\/\/kunstraum-bremen.de\/index.php?rest_route=%2Fwp%2Fv2%2Fcomments&post=658"}],"version-history":[{"count":6,"href":"http:\/\/kunstraum-bremen.de\/index.php?rest_route=\/wp\/v2\/posts\/658\/revisions"}],"predecessor-version":[{"id":924,"href":"http:\/\/kunstraum-bremen.de\/index.php?rest_route=\/wp\/v2\/posts\/658\/revisions\/924"}],"wp:attachment":[{"href":"http:\/\/kunstraum-bremen.de\/index.php?rest_route=%2Fwp%2Fv2%2Fmedia&parent=658"}],"wp:term":[{"taxonomy":"category","embeddable":true,"href":"http:\/\/kunstraum-bremen.de\/index.php?rest_route=%2Fwp%2Fv2%2Fcategories&post=658"},{"taxonomy":"post_tag","embeddable":true,"href":"http:\/\/kunstraum-bremen.de\/index.php?rest_route=%2Fwp%2Fv2%2Ftags&post=658"}],"curies":[{"name":"wp","href":"https:\/\/api.w.org\/{rel}","templated":true}]}}