{"id":403,"date":"2008-09-14T14:00:30","date_gmt":"2008-09-14T12:00:30","guid":{"rendered":"http:\/\/www.kunstraum-bremen.de\/?p=1"},"modified":"2008-09-14T14:00:30","modified_gmt":"2008-09-14T12:00:30","slug":"hallo-welt-2","status":"publish","type":"post","link":"http:\/\/kunstraum-bremen.de\/?p=403","title":{"rendered":"14.09. &#8211; 02.11.2008: Marc Witte &#8211; Malerei"},"content":{"rendered":"<p><a href=\"http:\/\/www.kunstraum-bremen.de\/wp-content\/uploads\/2008\/09\/kunstraum11.jpg\"><img decoding=\"async\" class=\"alignleft size-medium wp-image-69\" title=\"kunstraum11\" src=\"http:\/\/www.kunstraum-bremen.de\/wp-content\/uploads\/2008\/09\/kunstraum11.jpg\" alt=\"\" width=\"67\" height=\"69\" \/><\/a>pr\u00e4sentiert:\u00a0<strong> MARC WITTE &#8211; MALEREI<br \/>\nvom <\/strong><strong>14.09. &#8211; 02.11.2008, R\u00fcckertstr. 21, Bremen<\/strong><strong><br \/>\nDie Online-Bildergalerie zur Ausstellung bis 02. November:<\/strong><br \/>\n\u00d6l auf Leinwand:<br \/>\n<\/p>\n<p>\u00d6l, Acryl und Tusche auf Papier:<br \/>\n<\/p>\n","protected":false},"excerpt":{"rendered":"<p>pr\u00e4sentiert:\u00a0 MARC WITTE &#8211; MALEREI vom 14.09. &#8211; 02.11.2008, R\u00fcckertstr. 21, Bremen Die Online-Bildergalerie zur Ausstellung bis 02. November: \u00d6l auf Leinwand: \u00d6l, Acryl und Tusche auf Papier:<\/p>\n","protected":false},"author":1,"featured_media":0,"comment_status":"open","ping_status":"open","sticky":false,"template":"","format":"standard","meta":{"footnotes":""},"categories":[3],"tags":[],"class_list":["post-403","post","type-post","status-publish","format-standard","hentry","category-ausstellungen"],"_links":{"self":[{"href":"http:\/\/kunstraum-bremen.de\/index.php?rest_route=\/wp\/v2\/posts\/403","targetHints":{"allow":["GET"]}}],"collection":[{"href":"http:\/\/kunstraum-bremen.de\/index.php?rest_route=\/wp\/v2\/posts"}],"about":[{"href":"http:\/\/kunstraum-bremen.de\/index.php?rest_route=\/wp\/v2\/types\/post"}],"author":[{"embeddable":true,"href":"http:\/\/kunstraum-bremen.de\/index.php?rest_route=\/wp\/v2\/users\/1"}],"replies":[{"embeddable":true,"href":"http:\/\/kunstraum-bremen.de\/index.php?rest_route=%2Fwp%2Fv2%2Fcomments&post=403"}],"version-history":[{"count":0,"href":"http:\/\/kunstraum-bremen.de\/index.php?rest_route=\/wp\/v2\/posts\/403\/revisions"}],"wp:attachment":[{"href":"http:\/\/kunstraum-bremen.de\/index.php?rest_route=%2Fwp%2Fv2%2Fmedia&parent=403"}],"wp:term":[{"taxonomy":"category","embeddable":true,"href":"http:\/\/kunstraum-bremen.de\/index.php?rest_route=%2Fwp%2Fv2%2Fcategories&post=403"},{"taxonomy":"post_tag","embeddable":true,"href":"http:\/\/kunstraum-bremen.de\/index.php?rest_route=%2Fwp%2Fv2%2Ftags&post=403"}],"curies":[{"name":"wp","href":"https:\/\/api.w.org\/{rel}","templated":true}]}}