{"id":2224,"date":"2026-04-29T15:19:42","date_gmt":"2026-04-29T15:19:42","guid":{"rendered":"https:\/\/kunstraum-bremen.de\/?p=2224"},"modified":"2026-04-29T15:59:13","modified_gmt":"2026-04-29T15:59:13","slug":"do-30-4-2026-um-19-uhr-finissage-von-no-9","status":"publish","type":"post","link":"http:\/\/kunstraum-bremen.de\/?p=2224","title":{"rendered":"Do. 30.4.2026 &#8211; 19 h  Finissage zur Ausstellung        &#8222;No.9&#8220;"},"content":{"rendered":"\n<p>Herzliche Einladung zur  Finissage  mit K\u00fcnstlergespr\u00e4ch  mit  Lutz H\u00f6lscher <\/p>\n\n\n\n<p>im Kunst [  ] Raum Bremen, R\u00fcckertstrasse 21  in 28199 Bremen-Neustadt<\/p>\n\n\n\n<figure class=\"wp-block-image size-large\"><a href=\"https:\/\/kunstraum-bremen.de\/wp-content\/uploads\/2026\/04\/No-9-vorne.jpg\"><img fetchpriority=\"high\" decoding=\"async\" width=\"1024\" height=\"517\" src=\"https:\/\/kunstraum-bremen.de\/wp-content\/uploads\/2026\/04\/No-9-vorne-1024x517.jpg\" alt=\"\" class=\"wp-image-2225\" srcset=\"http:\/\/kunstraum-bremen.de\/wp-content\/uploads\/2026\/04\/No-9-vorne-1024x517.jpg 1024w, http:\/\/kunstraum-bremen.de\/wp-content\/uploads\/2026\/04\/No-9-vorne-300x151.jpg 300w, http:\/\/kunstraum-bremen.de\/wp-content\/uploads\/2026\/04\/No-9-vorne-768x388.jpg 768w, http:\/\/kunstraum-bremen.de\/wp-content\/uploads\/2026\/04\/No-9-vorne-1536x775.jpg 1536w, http:\/\/kunstraum-bremen.de\/wp-content\/uploads\/2026\/04\/No-9-vorne-2048x1034.jpg 2048w\" sizes=\"(max-width: 1024px) 100vw, 1024px\" \/><\/a><\/figure>\n","protected":false},"excerpt":{"rendered":"<p>Herzliche Einladung zur Finissage mit K\u00fcnstlergespr\u00e4ch mit Lutz H\u00f6lscher im Kunst [ ] Raum Bremen, R\u00fcckertstrasse 21 in 28199 Bremen-Neustadt<\/p>\n","protected":false},"author":2,"featured_media":0,"comment_status":"open","ping_status":"open","sticky":false,"template":"","format":"standard","meta":{"footnotes":""},"categories":[1,3,6],"tags":[],"class_list":["post-2224","post","type-post","status-publish","format-standard","hentry","category-allgemein","category-ausstellungen","category-neu"],"_links":{"self":[{"href":"http:\/\/kunstraum-bremen.de\/index.php?rest_route=\/wp\/v2\/posts\/2224","targetHints":{"allow":["GET"]}}],"collection":[{"href":"http:\/\/kunstraum-bremen.de\/index.php?rest_route=\/wp\/v2\/posts"}],"about":[{"href":"http:\/\/kunstraum-bremen.de\/index.php?rest_route=\/wp\/v2\/types\/post"}],"author":[{"embeddable":true,"href":"http:\/\/kunstraum-bremen.de\/index.php?rest_route=\/wp\/v2\/users\/2"}],"replies":[{"embeddable":true,"href":"http:\/\/kunstraum-bremen.de\/index.php?rest_route=%2Fwp%2Fv2%2Fcomments&post=2224"}],"version-history":[{"count":3,"href":"http:\/\/kunstraum-bremen.de\/index.php?rest_route=\/wp\/v2\/posts\/2224\/revisions"}],"predecessor-version":[{"id":2230,"href":"http:\/\/kunstraum-bremen.de\/index.php?rest_route=\/wp\/v2\/posts\/2224\/revisions\/2230"}],"wp:attachment":[{"href":"http:\/\/kunstraum-bremen.de\/index.php?rest_route=%2Fwp%2Fv2%2Fmedia&parent=2224"}],"wp:term":[{"taxonomy":"category","embeddable":true,"href":"http:\/\/kunstraum-bremen.de\/index.php?rest_route=%2Fwp%2Fv2%2Fcategories&post=2224"},{"taxonomy":"post_tag","embeddable":true,"href":"http:\/\/kunstraum-bremen.de\/index.php?rest_route=%2Fwp%2Fv2%2Ftags&post=2224"}],"curies":[{"name":"wp","href":"https:\/\/api.w.org\/{rel}","templated":true}]}}