{"id":2066,"date":"2024-08-14T22:58:38","date_gmt":"2024-08-14T22:58:38","guid":{"rendered":"https:\/\/kunstraum-bremen.de\/?p=2066"},"modified":"2024-08-20T06:13:21","modified_gmt":"2024-08-20T06:13:21","slug":"3-11-2024-ausstellung-all-you-need-is-friends-ein-dialogprojekt-zwischen-ute-seifert-beate-moeller","status":"publish","type":"post","link":"http:\/\/kunstraum-bremen.de\/?p=2066","title":{"rendered":"3.11.2024 Ausstellung: All you need is friends  &#8211;  ein Dialogprojekt zwischen Ute Seifert + Beate M\u00f6ller"},"content":{"rendered":"\n<figure class=\"wp-block-image size-large\"><a href=\"https:\/\/kunstraum-bremen.de\/wp-content\/uploads\/2024\/08\/IMG_3274-1-Kopie-scaled.jpg\"><img fetchpriority=\"high\" decoding=\"async\" width=\"1024\" height=\"421\" src=\"https:\/\/kunstraum-bremen.de\/wp-content\/uploads\/2024\/08\/IMG_3274-1-Kopie-1024x421.jpg\" alt=\"\" class=\"wp-image-2067\" srcset=\"http:\/\/kunstraum-bremen.de\/wp-content\/uploads\/2024\/08\/IMG_3274-1-Kopie-1024x421.jpg 1024w, http:\/\/kunstraum-bremen.de\/wp-content\/uploads\/2024\/08\/IMG_3274-1-Kopie-300x123.jpg 300w, http:\/\/kunstraum-bremen.de\/wp-content\/uploads\/2024\/08\/IMG_3274-1-Kopie-768x316.jpg 768w, http:\/\/kunstraum-bremen.de\/wp-content\/uploads\/2024\/08\/IMG_3274-1-Kopie-1536x632.jpg 1536w, http:\/\/kunstraum-bremen.de\/wp-content\/uploads\/2024\/08\/IMG_3274-1-Kopie-2048x842.jpg 2048w\" sizes=\"(max-width: 1024px) 100vw, 1024px\" \/><\/a><figcaption class=\"wp-element-caption\">Dialog Ute Seifert-Beate M\u00f6ller  Heftchenpaar 5  2021-2023<\/figcaption><\/figure>\n\n\n\n<figure class=\"wp-block-image size-large is-style-default\"><a href=\"https:\/\/kunstraum-bremen.de\/wp-content\/uploads\/2024\/08\/einl.karte-hinten-website-scaled.jpg\"><img decoding=\"async\" width=\"1024\" height=\"697\" src=\"https:\/\/kunstraum-bremen.de\/wp-content\/uploads\/2024\/08\/einl.karte-hinten-website-1024x697.jpg\" alt=\"\" class=\"wp-image-2068\" srcset=\"http:\/\/kunstraum-bremen.de\/wp-content\/uploads\/2024\/08\/einl.karte-hinten-website-1024x697.jpg 1024w, http:\/\/kunstraum-bremen.de\/wp-content\/uploads\/2024\/08\/einl.karte-hinten-website-300x204.jpg 300w, http:\/\/kunstraum-bremen.de\/wp-content\/uploads\/2024\/08\/einl.karte-hinten-website-768x523.jpg 768w, http:\/\/kunstraum-bremen.de\/wp-content\/uploads\/2024\/08\/einl.karte-hinten-website-1536x1046.jpg 1536w, http:\/\/kunstraum-bremen.de\/wp-content\/uploads\/2024\/08\/einl.karte-hinten-website-2048x1395.jpg 2048w\" sizes=\"(max-width: 1024px) 100vw, 1024px\" \/><\/a><\/figure>\n\n\n\n<p>Beate M\u00f6ller und Ute Seifert befinden sich seit  12 Jahren in einem bildernischen Dialog: in wechselnder Bearbeitung entstehen Heft mit kleinformatigen Zeichnungen. Die individuelle Bearbeitung bleibt in Hinsicht auf Material, Technik und Bearbeitungsdauer der jeweiligen K\u00fcnstlerin \u00fcberlassen, die auf die Bilder der Anderen reagiert. Zwei Hefte bilden ein Paar. Im Dazu- und \u00dcberarbeiten erf\u00e4hrt die individuelle Autorinnenschaft durch das Gemeinsame etwas neues.<\/p>\n\n\n\n<p>Diese Heftpaare finden im Kunst [  ] Raum eine gemeinsame Pr\u00e4sentationsform. Kleinformatige Arbeiten auf Papier erg\u00e4nzen die Ausstellung und machen die individuelle bildnerische Sprache der beiden K\u00fcnstlerinnen sichtbar.<\/p>\n\n\n\n<p><\/p>\n","protected":false},"excerpt":{"rendered":"<p>Beate M\u00f6ller und Ute Seifert befinden sich seit 12 Jahren in einem bildernischen Dialog: in wechselnder Bearbeitung entstehen Heft mit kleinformatigen Zeichnungen. Die individuelle Bearbeitung bleibt in Hinsicht auf Material, Technik und Bearbeitungsdauer der jeweiligen K\u00fcnstlerin \u00fcberlassen, die auf die &hellip; <a href=\"http:\/\/kunstraum-bremen.de\/?p=2066\">Weiterlesen <span class=\"meta-nav\">&rarr;<\/span><\/a><\/p>\n","protected":false},"author":2,"featured_media":0,"comment_status":"open","ping_status":"open","sticky":false,"template":"","format":"standard","meta":{"footnotes":""},"categories":[1,3,6],"tags":[],"class_list":["post-2066","post","type-post","status-publish","format-standard","hentry","category-allgemein","category-ausstellungen","category-neu"],"_links":{"self":[{"href":"http:\/\/kunstraum-bremen.de\/index.php?rest_route=\/wp\/v2\/posts\/2066","targetHints":{"allow":["GET"]}}],"collection":[{"href":"http:\/\/kunstraum-bremen.de\/index.php?rest_route=\/wp\/v2\/posts"}],"about":[{"href":"http:\/\/kunstraum-bremen.de\/index.php?rest_route=\/wp\/v2\/types\/post"}],"author":[{"embeddable":true,"href":"http:\/\/kunstraum-bremen.de\/index.php?rest_route=\/wp\/v2\/users\/2"}],"replies":[{"embeddable":true,"href":"http:\/\/kunstraum-bremen.de\/index.php?rest_route=%2Fwp%2Fv2%2Fcomments&post=2066"}],"version-history":[{"count":3,"href":"http:\/\/kunstraum-bremen.de\/index.php?rest_route=\/wp\/v2\/posts\/2066\/revisions"}],"predecessor-version":[{"id":2075,"href":"http:\/\/kunstraum-bremen.de\/index.php?rest_route=\/wp\/v2\/posts\/2066\/revisions\/2075"}],"wp:attachment":[{"href":"http:\/\/kunstraum-bremen.de\/index.php?rest_route=%2Fwp%2Fv2%2Fmedia&parent=2066"}],"wp:term":[{"taxonomy":"category","embeddable":true,"href":"http:\/\/kunstraum-bremen.de\/index.php?rest_route=%2Fwp%2Fv2%2Fcategories&post=2066"},{"taxonomy":"post_tag","embeddable":true,"href":"http:\/\/kunstraum-bremen.de\/index.php?rest_route=%2Fwp%2Fv2%2Ftags&post=2066"}],"curies":[{"name":"wp","href":"https:\/\/api.w.org\/{rel}","templated":true}]}}