{"id":2034,"date":"2024-03-02T16:16:29","date_gmt":"2024-03-02T16:16:29","guid":{"rendered":"https:\/\/kunstraum-bremen.de\/?p=2034"},"modified":"2024-03-02T16:16:29","modified_gmt":"2024-03-02T16:16:29","slug":"sonntag-10-3-2024-augenschein-1-tag-in-fukushima-und-freitag-15-3-2024-ausstellung-shoko-miki-tokyo-emparthy-24-03","status":"publish","type":"post","link":"http:\/\/kunstraum-bremen.de\/?p=2034","title":{"rendered":"Sonntag 10.3.2024   Augenschein &#8211; 1 Tag in Fukushima   und Freitag 15.3.2024 Ausstellung Shoko Miki (Tokyo) &#8222;emparthy 24-03&#8220;"},"content":{"rendered":"\n<p>10.3.2024   Gedenktag zum 11.3.2011     von  11 &#8211; 17 Uhr <\/p>\n\n\n\n<p>15.3.2024   Einzelaustellung Shoko Miki &#8222;emparthy&#8220;  Er\u00f6ffnung um 19.30 Uhr<\/p>\n\n\n\n<p><\/p>\n\n\n\n<p>Liebe Kunst [\u00a0 ] Raum Freundinnen und Freunde, liebe Interessierte !<br>Da sich die Ereignisse in Fukushima am 11.3.2024, \u00a0zum 13. mal j\u00e4hrten, die Probleme aber nat\u00fcrlich l\u00e4ngst nicht bew\u00e4ltigt sind, sende ich diese herzliche Einladung zu unserer diesj\u00e4hrigen Gedenkveranstaltung, f\u00fcr die ich auch dieses Mal wieder wunderbare Mitwirkende gewinnen konnte! In diesem Jahr gibt es f\u00fcr uns eine Besonderheit. Durch ein Reise-\/Recherchestipendium in 2023 hatte ich die M\u00f6glichkeit, zusammen mit Shoko Miki und Eiko Fujita eigene Eindr\u00fccke in der Region Fukushima zu gewinnen, wof\u00fcr ich sehr dankbar bin.                                                                                                                                                         Ich danke auch Dr. Lars Pohlmeier und Wittwulf Y Malik, dass sie die Veranstaltung mit gestalten und mit tragen!<\/p>\n\n\n\n<p><\/p>\n\n\n\n<p>Ich freue mich wenn Sie \/ihr die beiden Termine vormerkt!<\/p>\n\n\n\n<p>Ute Seifert, Kunst [&nbsp; ] Raum Bremen<\/p>\n\n\n\n<figure class=\"wp-block-image size-full\"><a href=\"https:\/\/kunstraum-bremen.de\/wp-content\/uploads\/2024\/03\/plakat.jpg\"><img fetchpriority=\"high\" decoding=\"async\" width=\"9000\" height=\"12000\" src=\"https:\/\/kunstraum-bremen.de\/wp-content\/uploads\/2024\/03\/plakat.jpg\" alt=\"\" class=\"wp-image-2035\"\/><\/a><\/figure>\n","protected":false},"excerpt":{"rendered":"<p>10.3.2024 Gedenktag zum 11.3.2011 von 11 &#8211; 17 Uhr 15.3.2024 Einzelaustellung Shoko Miki &#8222;emparthy&#8220; Er\u00f6ffnung um 19.30 Uhr Liebe Kunst [\u00a0 ] Raum Freundinnen und Freunde, liebe Interessierte !Da sich die Ereignisse in Fukushima am 11.3.2024, \u00a0zum 13. mal j\u00e4hrten, &hellip; <a href=\"http:\/\/kunstraum-bremen.de\/?p=2034\">Weiterlesen <span class=\"meta-nav\">&rarr;<\/span><\/a><\/p>\n","protected":false},"author":2,"featured_media":0,"comment_status":"open","ping_status":"open","sticky":false,"template":"","format":"standard","meta":{"footnotes":""},"categories":[1,3,6],"tags":[],"class_list":["post-2034","post","type-post","status-publish","format-standard","hentry","category-allgemein","category-ausstellungen","category-neu"],"_links":{"self":[{"href":"http:\/\/kunstraum-bremen.de\/index.php?rest_route=\/wp\/v2\/posts\/2034","targetHints":{"allow":["GET"]}}],"collection":[{"href":"http:\/\/kunstraum-bremen.de\/index.php?rest_route=\/wp\/v2\/posts"}],"about":[{"href":"http:\/\/kunstraum-bremen.de\/index.php?rest_route=\/wp\/v2\/types\/post"}],"author":[{"embeddable":true,"href":"http:\/\/kunstraum-bremen.de\/index.php?rest_route=\/wp\/v2\/users\/2"}],"replies":[{"embeddable":true,"href":"http:\/\/kunstraum-bremen.de\/index.php?rest_route=%2Fwp%2Fv2%2Fcomments&post=2034"}],"version-history":[{"count":1,"href":"http:\/\/kunstraum-bremen.de\/index.php?rest_route=\/wp\/v2\/posts\/2034\/revisions"}],"predecessor-version":[{"id":2036,"href":"http:\/\/kunstraum-bremen.de\/index.php?rest_route=\/wp\/v2\/posts\/2034\/revisions\/2036"}],"wp:attachment":[{"href":"http:\/\/kunstraum-bremen.de\/index.php?rest_route=%2Fwp%2Fv2%2Fmedia&parent=2034"}],"wp:term":[{"taxonomy":"category","embeddable":true,"href":"http:\/\/kunstraum-bremen.de\/index.php?rest_route=%2Fwp%2Fv2%2Fcategories&post=2034"},{"taxonomy":"post_tag","embeddable":true,"href":"http:\/\/kunstraum-bremen.de\/index.php?rest_route=%2Fwp%2Fv2%2Ftags&post=2034"}],"curies":[{"name":"wp","href":"https:\/\/api.w.org\/{rel}","templated":true}]}}