{"id":2024,"date":"2023-09-22T11:49:26","date_gmt":"2023-09-22T11:49:26","guid":{"rendered":"https:\/\/kunstraum-bremen.de\/?p=2024"},"modified":"2023-09-22T11:53:23","modified_gmt":"2023-09-22T11:53:23","slug":"13-10-2023-ausstellung-%e3%81%86%e3%81%a4%e3%82%8d%e3%81%84-quiet-colors-shuhei-fukuda","status":"publish","type":"post","link":"http:\/\/kunstraum-bremen.de\/?p=2024","title":{"rendered":"13.10.2023 Ausstellung:  \u3046\u3064\u308d\u3044   &#8211;   quiet colors     Shuhei Fukuda"},"content":{"rendered":"\n<figure class=\"wp-block-image size-large\"><a href=\"https:\/\/kunstraum-bremen.de\/wp-content\/uploads\/2023\/09\/IMG_9511-Kopie-x-web-1.jpg\"><img fetchpriority=\"high\" decoding=\"async\" width=\"773\" height=\"1024\" src=\"https:\/\/kunstraum-bremen.de\/wp-content\/uploads\/2023\/09\/IMG_9511-Kopie-x-web-1-773x1024.jpg\" alt=\"\" class=\"wp-image-2027\" srcset=\"http:\/\/kunstraum-bremen.de\/wp-content\/uploads\/2023\/09\/IMG_9511-Kopie-x-web-1-773x1024.jpg 773w, http:\/\/kunstraum-bremen.de\/wp-content\/uploads\/2023\/09\/IMG_9511-Kopie-x-web-1-227x300.jpg 227w, http:\/\/kunstraum-bremen.de\/wp-content\/uploads\/2023\/09\/IMG_9511-Kopie-x-web-1-768x1017.jpg 768w, http:\/\/kunstraum-bremen.de\/wp-content\/uploads\/2023\/09\/IMG_9511-Kopie-x-web-1-1160x1536.jpg 1160w, http:\/\/kunstraum-bremen.de\/wp-content\/uploads\/2023\/09\/IMG_9511-Kopie-x-web-1.jpg 1504w\" sizes=\"(max-width: 773px) 100vw, 773px\" \/><\/a><\/figure>\n\n\n\n<p> <strong>\u3046\u3064\u308d\u3044   &#8211;   quiet colors      Shuhei Fukuda<\/strong><\/p>\n\n\n\n<p>13.10. &#8211; 1.11.2023<\/p>\n\n\n\n<p>Er\u00f6ffnung der Ausstellung am Freitag 13.10.2023 um 19 Uhr<\/p>\n\n\n\n<p>Einf\u00fchrung: Ute Seifert, Kunst [ ] Raum<\/p>\n\n\n\n<p><\/p>\n\n\n\n<p>Shuhei Fukuda\u2019s Arbeitsansatz ist das Zeigen der nat\u00fcrlichen Ver\u00e4nderungsprozesses von Ginpaku &#8211; \u304e\u3093\u3071\u304f(Blattslilber). Sein Werk ist  dem universellen Fluss der Zeit verbunden.<br>Seine k\u00fcnstlerische Haltung ist gepr\u00e4gt von Tradtition und Kultur der Generationen pr\u00e4genden Kunstschule \u201eRyuhu\u201c. Deren Hauptmerkmal ist die Arbeit mit Gold- und Silberbl\u00e4ttern f\u00fcr eine flache Hintergrundgrundierung.<\/p>\n\n\n\n<p>Blattsilber ist in einem Zustand stetigen Wandels. Dieser fortgesetzte Wandel kann in einzelnen Phasen oder auch als Ganzes betrachtet werden. Wobei jedoch das Ganze nicht als Summe der einzelnen Phasen zu sehen ist.<br>Die zeitlichen Ver\u00e4nderungen sind nicht genau kalkulierbar, da sie von Umweltfaktoren wie Luft, Luftfeuchtigkeit und Licht abh\u00e4ngen. Fukuda beeinflusst diesen Prozess z.B. auch mit Sulfitpulver oder Zinnober.<br>Hier findet sich eine \u00dcbereinstimmung mit einem Grundgedanken von Robert Ryman: <\/p>\n\n\n\n<p>\u201ethere is never a question what to paint, but how to paint\u201c<\/p>\n\n\n\n<p>Die Beziehung von Malgrund, Tr\u00e4germaterial und Oberfl\u00e4che geh\u00f6rt wesentlich zur Malerei an sich.<br>Die japanische Malerei von Fukuda ist wohl der kleinste gemeinsame Nenner mit Kunst, betrachtet man, dass seine Arbeiten einfach aus ihrer Materialit\u00e4t heraus \u201eda\u201c sind: Malgrund &#8211; Silber &#8211; Japanpapier.<\/p>\n\n\n\n<p><\/p>\n\n\n\n<p><strong>Shuhei Fukuda<\/strong><\/p>\n\n\n\n<p> geboren 1997 in Gunma\/Japan. Er ist nach vier Jahren Kunststudium in&nbsp;Okinawa, wo er japanische, traditionelle Malerei studierte, 2019 nach Tokyo umgesiedelt, um sich an der Tokyo University of the Arts weiterzubilden.   Ausstellungst\u00e4tigkeit in Japan und international<\/p>\n\n\n\n<p>Diese Ausstellung im Kunst [  ] Raum Bremen bildet den Abschlu\u00df einer Ausstellungsreihe w\u00e4hrend einer Reise durch Europa.<\/p>\n\n\n\n<p><\/p>\n\n\n\n<p><\/p>\n\n\n\n<p><\/p>\n","protected":false},"excerpt":{"rendered":"<p>\u3046\u3064\u308d\u3044 &#8211; quiet colors Shuhei Fukuda 13.10. &#8211; 1.11.2023 Er\u00f6ffnung der Ausstellung am Freitag 13.10.2023 um 19 Uhr Einf\u00fchrung: Ute Seifert, Kunst [ ] Raum Shuhei Fukuda\u2019s Arbeitsansatz ist das Zeigen der nat\u00fcrlichen Ver\u00e4nderungsprozesses von Ginpaku &#8211; \u304e\u3093\u3071\u304f(Blattslilber). Sein Werk &hellip; <a href=\"http:\/\/kunstraum-bremen.de\/?p=2024\">Weiterlesen <span class=\"meta-nav\">&rarr;<\/span><\/a><\/p>\n","protected":false},"author":2,"featured_media":0,"comment_status":"open","ping_status":"open","sticky":false,"template":"","format":"standard","meta":{"footnotes":""},"categories":[1,3,6],"tags":[],"class_list":["post-2024","post","type-post","status-publish","format-standard","hentry","category-allgemein","category-ausstellungen","category-neu"],"_links":{"self":[{"href":"http:\/\/kunstraum-bremen.de\/index.php?rest_route=\/wp\/v2\/posts\/2024","targetHints":{"allow":["GET"]}}],"collection":[{"href":"http:\/\/kunstraum-bremen.de\/index.php?rest_route=\/wp\/v2\/posts"}],"about":[{"href":"http:\/\/kunstraum-bremen.de\/index.php?rest_route=\/wp\/v2\/types\/post"}],"author":[{"embeddable":true,"href":"http:\/\/kunstraum-bremen.de\/index.php?rest_route=\/wp\/v2\/users\/2"}],"replies":[{"embeddable":true,"href":"http:\/\/kunstraum-bremen.de\/index.php?rest_route=%2Fwp%2Fv2%2Fcomments&post=2024"}],"version-history":[{"count":4,"href":"http:\/\/kunstraum-bremen.de\/index.php?rest_route=\/wp\/v2\/posts\/2024\/revisions"}],"predecessor-version":[{"id":2031,"href":"http:\/\/kunstraum-bremen.de\/index.php?rest_route=\/wp\/v2\/posts\/2024\/revisions\/2031"}],"wp:attachment":[{"href":"http:\/\/kunstraum-bremen.de\/index.php?rest_route=%2Fwp%2Fv2%2Fmedia&parent=2024"}],"wp:term":[{"taxonomy":"category","embeddable":true,"href":"http:\/\/kunstraum-bremen.de\/index.php?rest_route=%2Fwp%2Fv2%2Fcategories&post=2024"},{"taxonomy":"post_tag","embeddable":true,"href":"http:\/\/kunstraum-bremen.de\/index.php?rest_route=%2Fwp%2Fv2%2Ftags&post=2024"}],"curies":[{"name":"wp","href":"https:\/\/api.w.org\/{rel}","templated":true}]}}