{"id":2010,"date":"2023-04-26T15:57:43","date_gmt":"2023-04-26T15:57:43","guid":{"rendered":"http:\/\/kunstraum-bremen.de\/?p=2010"},"modified":"2023-04-26T15:58:59","modified_gmt":"2023-04-26T15:58:59","slug":"10-6-2023-ausstellung-bergen-anne-schloepke","status":"publish","type":"post","link":"http:\/\/kunstraum-bremen.de\/?p=2010","title":{"rendered":"10.6.2023 Ausstellung:  bergen   Anne Schl\u00f6pke"},"content":{"rendered":"\n<p>zu: &nbsp;<strong><em>bergen<\/em><\/strong> von Anne Schl\u00f6pke<\/p>\n\n\n\n<p>Dinge bilden ein Ger\u00fcst, das uns st\u00fctzt und vor dem horror vacui bewahrt. Der Umgang mit ihnen ist der fortw\u00e4hrende Versuch, das ablaufende Leben dingfest zu machen. Sie werden t\u00e4glich benutzt zur Organisation des Alltags oder werden sorgsam als Erinnerungen in Schr\u00e4nken verwahrt.<\/p>\n\n\n\n<p>Im Nachlass der Toten erscheinen uns die zur\u00fcckgelassenen Dinge wie ein Echo des gelebten Lebens, von verblassenden unbekannten Erinnerungen.<\/p>\n\n\n\n<p>Sich solange mit den derart verwaisten Dingen besch\u00e4ftigen, sie bearbeiten, mit anderem zusammenf\u00fcgen, bis eine Erz\u00e4hlung beginnt, jenseits der Sprache.<\/p>\n\n\n\n<figure class=\"wp-block-image size-large\"><a href=\"http:\/\/kunstraum-bremen.de\/wp-content\/uploads\/2023\/04\/Einladung_A.S.jpeg\"><img fetchpriority=\"high\" decoding=\"async\" width=\"732\" height=\"1024\" src=\"http:\/\/kunstraum-bremen.de\/wp-content\/uploads\/2023\/04\/Einladung_A.S-732x1024.jpeg\" alt=\"\" class=\"wp-image-2011\" srcset=\"http:\/\/kunstraum-bremen.de\/wp-content\/uploads\/2023\/04\/Einladung_A.S-732x1024.jpeg 732w, http:\/\/kunstraum-bremen.de\/wp-content\/uploads\/2023\/04\/Einladung_A.S-214x300.jpeg 214w, http:\/\/kunstraum-bremen.de\/wp-content\/uploads\/2023\/04\/Einladung_A.S-768x1075.jpeg 768w, http:\/\/kunstraum-bremen.de\/wp-content\/uploads\/2023\/04\/Einladung_A.S-1097x1536.jpeg 1097w, http:\/\/kunstraum-bremen.de\/wp-content\/uploads\/2023\/04\/Einladung_A.S-1463x2048.jpeg 1463w, http:\/\/kunstraum-bremen.de\/wp-content\/uploads\/2023\/04\/Einladung_A.S.jpeg 1772w\" sizes=\"(max-width: 732px) 100vw, 732px\" \/><\/a><\/figure>\n\n\n\n<p><\/p>\n","protected":false},"excerpt":{"rendered":"<p>zu: &nbsp;bergen von Anne Schl\u00f6pke Dinge bilden ein Ger\u00fcst, das uns st\u00fctzt und vor dem horror vacui bewahrt. Der Umgang mit ihnen ist der fortw\u00e4hrende Versuch, das ablaufende Leben dingfest zu machen. Sie werden t\u00e4glich benutzt zur Organisation des Alltags &hellip; <a href=\"http:\/\/kunstraum-bremen.de\/?p=2010\">Weiterlesen <span class=\"meta-nav\">&rarr;<\/span><\/a><\/p>\n","protected":false},"author":2,"featured_media":0,"comment_status":"open","ping_status":"open","sticky":false,"template":"","format":"standard","meta":{"footnotes":""},"categories":[1,3],"tags":[],"class_list":["post-2010","post","type-post","status-publish","format-standard","hentry","category-allgemein","category-ausstellungen"],"_links":{"self":[{"href":"http:\/\/kunstraum-bremen.de\/index.php?rest_route=\/wp\/v2\/posts\/2010","targetHints":{"allow":["GET"]}}],"collection":[{"href":"http:\/\/kunstraum-bremen.de\/index.php?rest_route=\/wp\/v2\/posts"}],"about":[{"href":"http:\/\/kunstraum-bremen.de\/index.php?rest_route=\/wp\/v2\/types\/post"}],"author":[{"embeddable":true,"href":"http:\/\/kunstraum-bremen.de\/index.php?rest_route=\/wp\/v2\/users\/2"}],"replies":[{"embeddable":true,"href":"http:\/\/kunstraum-bremen.de\/index.php?rest_route=%2Fwp%2Fv2%2Fcomments&post=2010"}],"version-history":[{"count":1,"href":"http:\/\/kunstraum-bremen.de\/index.php?rest_route=\/wp\/v2\/posts\/2010\/revisions"}],"predecessor-version":[{"id":2012,"href":"http:\/\/kunstraum-bremen.de\/index.php?rest_route=\/wp\/v2\/posts\/2010\/revisions\/2012"}],"wp:attachment":[{"href":"http:\/\/kunstraum-bremen.de\/index.php?rest_route=%2Fwp%2Fv2%2Fmedia&parent=2010"}],"wp:term":[{"taxonomy":"category","embeddable":true,"href":"http:\/\/kunstraum-bremen.de\/index.php?rest_route=%2Fwp%2Fv2%2Fcategories&post=2010"},{"taxonomy":"post_tag","embeddable":true,"href":"http:\/\/kunstraum-bremen.de\/index.php?rest_route=%2Fwp%2Fv2%2Ftags&post=2010"}],"curies":[{"name":"wp","href":"https:\/\/api.w.org\/{rel}","templated":true}]}}