{"id":1988,"date":"2023-03-14T18:59:24","date_gmt":"2023-03-14T18:59:24","guid":{"rendered":"http:\/\/kunstraum-bremen.de\/?p=1988"},"modified":"2023-04-26T09:45:26","modified_gmt":"2023-04-26T09:45:26","slug":"6-7-5-2023-offene-ateliers-in-bremen-neustadt","status":"publish","type":"post","link":"http:\/\/kunstraum-bremen.de\/?p=1988","title":{"rendered":"6. + 7.5.2023 Offene Ateliers in Bremen-Neustadt !"},"content":{"rendered":"\n<p>Gezeigt werden Arbeiten aus den fortlaufenden KunstGruppen, die, begleitet von Ute Seifert regelm\u00e4\u00dfig w\u00f6chentlich dienstags oder mittwochs zusammenkommen, um k\u00fcnstlerisch zu arbeiten. Dar\u00fcber hinaus gibt es verschiedene themenbezogene Workshopangebote wie Malerei und Farbe, experimentelles Drucken, Linoldruck und Monotypie, workshop Papier, Buchbinden\u2026.. Wir freuen uns auf zahlreiche Besucher und Menschen, die Lust haben, sich f\u00fcr eine Mitarbeit in einer der Gruppen zu entscheiden, um regelm\u00e4\u00dfig in gemeinschaftlich inspirierter Atsmosph\u00e4re und individuell begleitet, k\u00fcnstlerisch zu arbeiten!<\/p>\n\n\n\n<p>In diesem Jahr haben wir einen Gast: ULRIKE BRINKHOFF !  auch sie wird ihre Arbeiten  zu den offenen Ateliers  im Kunst [  ] Raum zeigen.<\/p>\n\n\n\n<figure class=\"wp-block-image size-large\"><a href=\"http:\/\/kunstraum-bremen.de\/wp-content\/uploads\/2023\/03\/Kreis-Aquarell-scaled.jpg\"><img fetchpriority=\"high\" decoding=\"async\" width=\"1024\" height=\"768\" src=\"http:\/\/kunstraum-bremen.de\/wp-content\/uploads\/2023\/03\/Kreis-Aquarell-1024x768.jpg\" alt=\"\" class=\"wp-image-1989\" srcset=\"http:\/\/kunstraum-bremen.de\/wp-content\/uploads\/2023\/03\/Kreis-Aquarell-1024x768.jpg 1024w, http:\/\/kunstraum-bremen.de\/wp-content\/uploads\/2023\/03\/Kreis-Aquarell-300x225.jpg 300w, http:\/\/kunstraum-bremen.de\/wp-content\/uploads\/2023\/03\/Kreis-Aquarell-768x576.jpg 768w, http:\/\/kunstraum-bremen.de\/wp-content\/uploads\/2023\/03\/Kreis-Aquarell-1536x1152.jpg 1536w, http:\/\/kunstraum-bremen.de\/wp-content\/uploads\/2023\/03\/Kreis-Aquarell-2048x1536.jpg 2048w\" sizes=\"(max-width: 1024px) 100vw, 1024px\" \/><\/a><figcaption class=\"wp-element-caption\">u.brinkhoff  &#8211;  kreis, aquarell<\/figcaption><\/figure>\n\n\n\n<figure class=\"wp-block-gallery has-nested-images columns-default is-cropped wp-block-gallery-1 is-layout-flex wp-block-gallery-is-layout-flex\">\n<figure class=\"wp-block-image size-large\"><a href=\"http:\/\/kunstraum-bremen.de\/wp-content\/uploads\/2023\/03\/offene-ateliers-mailflyer-scaled.jpg\"><img decoding=\"async\" width=\"745\" height=\"1024\" data-id=\"1990\" src=\"http:\/\/kunstraum-bremen.de\/wp-content\/uploads\/2023\/03\/offene-ateliers-mailflyer-745x1024.jpg\" alt=\"\" class=\"wp-image-1990\" srcset=\"http:\/\/kunstraum-bremen.de\/wp-content\/uploads\/2023\/03\/offene-ateliers-mailflyer-745x1024.jpg 745w, http:\/\/kunstraum-bremen.de\/wp-content\/uploads\/2023\/03\/offene-ateliers-mailflyer-218x300.jpg 218w, http:\/\/kunstraum-bremen.de\/wp-content\/uploads\/2023\/03\/offene-ateliers-mailflyer-768x1056.jpg 768w, http:\/\/kunstraum-bremen.de\/wp-content\/uploads\/2023\/03\/offene-ateliers-mailflyer-1117x1536.jpg 1117w, http:\/\/kunstraum-bremen.de\/wp-content\/uploads\/2023\/03\/offene-ateliers-mailflyer-1490x2048.jpg 1490w, http:\/\/kunstraum-bremen.de\/wp-content\/uploads\/2023\/03\/offene-ateliers-mailflyer-scaled.jpg 1862w\" sizes=\"(max-width: 745px) 100vw, 745px\" \/><\/a><\/figure>\n<\/figure>\n\n\n\n<figure class=\"wp-block-gallery has-nested-images columns-default is-cropped wp-block-gallery-2 is-layout-flex wp-block-gallery-is-layout-flex\">\n<figure class=\"wp-block-image size-large\"><a href=\"http:\/\/kunstraum-bremen.de\/wp-content\/uploads\/2023\/03\/DSC05210-scaled.jpg\"><img decoding=\"async\" width=\"1024\" height=\"768\" data-id=\"1993\" src=\"http:\/\/kunstraum-bremen.de\/wp-content\/uploads\/2023\/03\/DSC05210-1024x768.jpg\" alt=\"\" class=\"wp-image-1993\" srcset=\"http:\/\/kunstraum-bremen.de\/wp-content\/uploads\/2023\/03\/DSC05210-1024x768.jpg 1024w, http:\/\/kunstraum-bremen.de\/wp-content\/uploads\/2023\/03\/DSC05210-300x225.jpg 300w, http:\/\/kunstraum-bremen.de\/wp-content\/uploads\/2023\/03\/DSC05210-768x576.jpg 768w, http:\/\/kunstraum-bremen.de\/wp-content\/uploads\/2023\/03\/DSC05210-1536x1152.jpg 1536w, http:\/\/kunstraum-bremen.de\/wp-content\/uploads\/2023\/03\/DSC05210-2048x1536.jpg 2048w\" sizes=\"(max-width: 1024px) 100vw, 1024px\" \/><\/a><\/figure>\n\n\n\n<figure class=\"wp-block-image size-large\"><a href=\"http:\/\/kunstraum-bremen.de\/wp-content\/uploads\/2023\/03\/DSC08620-b.zenner-linoldruck-auf-japanpapier-15x20-cm-scaled.jpg\"><img loading=\"lazy\" decoding=\"async\" width=\"1024\" height=\"768\" data-id=\"1994\" src=\"http:\/\/kunstraum-bremen.de\/wp-content\/uploads\/2023\/03\/DSC08620-b.zenner-linoldruck-auf-japanpapier-15x20-cm-1024x768.jpg\" alt=\"\" class=\"wp-image-1994\" srcset=\"http:\/\/kunstraum-bremen.de\/wp-content\/uploads\/2023\/03\/DSC08620-b.zenner-linoldruck-auf-japanpapier-15x20-cm-1024x768.jpg 1024w, http:\/\/kunstraum-bremen.de\/wp-content\/uploads\/2023\/03\/DSC08620-b.zenner-linoldruck-auf-japanpapier-15x20-cm-300x225.jpg 300w, http:\/\/kunstraum-bremen.de\/wp-content\/uploads\/2023\/03\/DSC08620-b.zenner-linoldruck-auf-japanpapier-15x20-cm-768x576.jpg 768w, http:\/\/kunstraum-bremen.de\/wp-content\/uploads\/2023\/03\/DSC08620-b.zenner-linoldruck-auf-japanpapier-15x20-cm-1536x1152.jpg 1536w, http:\/\/kunstraum-bremen.de\/wp-content\/uploads\/2023\/03\/DSC08620-b.zenner-linoldruck-auf-japanpapier-15x20-cm-2048x1536.jpg 2048w\" sizes=\"(max-width: 1024px) 100vw, 1024px\" \/><\/a><\/figure>\n\n\n\n<figure class=\"wp-block-image size-large\"><a href=\"http:\/\/kunstraum-bremen.de\/wp-content\/uploads\/2023\/03\/DSC08625-w.krick-acryl-auf-buetten-70x100-cm--scaled.jpeg\"><img loading=\"lazy\" decoding=\"async\" width=\"1024\" height=\"730\" data-id=\"1996\" src=\"http:\/\/kunstraum-bremen.de\/wp-content\/uploads\/2023\/03\/DSC08625-w.krick-acryl-auf-buetten-70x100-cm--1024x730.jpeg\" alt=\"\" class=\"wp-image-1996\" srcset=\"http:\/\/kunstraum-bremen.de\/wp-content\/uploads\/2023\/03\/DSC08625-w.krick-acryl-auf-buetten-70x100-cm--1024x730.jpeg 1024w, http:\/\/kunstraum-bremen.de\/wp-content\/uploads\/2023\/03\/DSC08625-w.krick-acryl-auf-buetten-70x100-cm--300x214.jpeg 300w, http:\/\/kunstraum-bremen.de\/wp-content\/uploads\/2023\/03\/DSC08625-w.krick-acryl-auf-buetten-70x100-cm--768x548.jpeg 768w, http:\/\/kunstraum-bremen.de\/wp-content\/uploads\/2023\/03\/DSC08625-w.krick-acryl-auf-buetten-70x100-cm--1536x1095.jpeg 1536w, http:\/\/kunstraum-bremen.de\/wp-content\/uploads\/2023\/03\/DSC08625-w.krick-acryl-auf-buetten-70x100-cm--2048x1460.jpeg 2048w\" sizes=\"(max-width: 1024px) 100vw, 1024px\" \/><\/a><\/figure>\n\n\n\n<figure class=\"wp-block-image size-large\"><a href=\"http:\/\/kunstraum-bremen.de\/wp-content\/uploads\/2023\/03\/DSC08629-b.zenner-linoldruck-auf-japanpapier-15x20-cm-scaled.jpg\"><img loading=\"lazy\" decoding=\"async\" width=\"1024\" height=\"775\" data-id=\"1995\" src=\"http:\/\/kunstraum-bremen.de\/wp-content\/uploads\/2023\/03\/DSC08629-b.zenner-linoldruck-auf-japanpapier-15x20-cm-1024x775.jpg\" alt=\"\" class=\"wp-image-1995\" srcset=\"http:\/\/kunstraum-bremen.de\/wp-content\/uploads\/2023\/03\/DSC08629-b.zenner-linoldruck-auf-japanpapier-15x20-cm-1024x775.jpg 1024w, http:\/\/kunstraum-bremen.de\/wp-content\/uploads\/2023\/03\/DSC08629-b.zenner-linoldruck-auf-japanpapier-15x20-cm-300x227.jpg 300w, http:\/\/kunstraum-bremen.de\/wp-content\/uploads\/2023\/03\/DSC08629-b.zenner-linoldruck-auf-japanpapier-15x20-cm-768x581.jpg 768w, http:\/\/kunstraum-bremen.de\/wp-content\/uploads\/2023\/03\/DSC08629-b.zenner-linoldruck-auf-japanpapier-15x20-cm-1536x1163.jpg 1536w, http:\/\/kunstraum-bremen.de\/wp-content\/uploads\/2023\/03\/DSC08629-b.zenner-linoldruck-auf-japanpapier-15x20-cm-2048x1550.jpg 2048w\" sizes=\"(max-width: 1024px) 100vw, 1024px\" \/><\/a><\/figure>\n\n\n\n<figure class=\"wp-block-image size-large\"><a href=\"http:\/\/kunstraum-bremen.de\/wp-content\/uploads\/2023\/03\/DSC08630-u.trappe-linoldruck-20x35-cm-scaled.jpg\"><img loading=\"lazy\" decoding=\"async\" width=\"768\" height=\"1024\" data-id=\"1997\" src=\"http:\/\/kunstraum-bremen.de\/wp-content\/uploads\/2023\/03\/DSC08630-u.trappe-linoldruck-20x35-cm-768x1024.jpg\" alt=\"\" class=\"wp-image-1997\" srcset=\"http:\/\/kunstraum-bremen.de\/wp-content\/uploads\/2023\/03\/DSC08630-u.trappe-linoldruck-20x35-cm-768x1024.jpg 768w, http:\/\/kunstraum-bremen.de\/wp-content\/uploads\/2023\/03\/DSC08630-u.trappe-linoldruck-20x35-cm-225x300.jpg 225w, http:\/\/kunstraum-bremen.de\/wp-content\/uploads\/2023\/03\/DSC08630-u.trappe-linoldruck-20x35-cm-1152x1536.jpg 1152w, http:\/\/kunstraum-bremen.de\/wp-content\/uploads\/2023\/03\/DSC08630-u.trappe-linoldruck-20x35-cm-1536x2048.jpg 1536w, http:\/\/kunstraum-bremen.de\/wp-content\/uploads\/2023\/03\/DSC08630-u.trappe-linoldruck-20x35-cm-scaled.jpg 1920w\" sizes=\"(max-width: 768px) 100vw, 768px\" \/><\/a><\/figure>\n\n\n\n<figure class=\"wp-block-image size-large\"><a href=\"http:\/\/kunstraum-bremen.de\/wp-content\/uploads\/2023\/03\/IMG_6468-g.gottheil-farbstifzeichnung-20x30-cm-300dpi.jpg\"><img loading=\"lazy\" decoding=\"async\" width=\"1024\" height=\"777\" data-id=\"1992\" src=\"http:\/\/kunstraum-bremen.de\/wp-content\/uploads\/2023\/03\/IMG_6468-g.gottheil-farbstifzeichnung-20x30-cm-300dpi-1024x777.jpg\" alt=\"\" class=\"wp-image-1992\" srcset=\"http:\/\/kunstraum-bremen.de\/wp-content\/uploads\/2023\/03\/IMG_6468-g.gottheil-farbstifzeichnung-20x30-cm-300dpi-1024x777.jpg 1024w, http:\/\/kunstraum-bremen.de\/wp-content\/uploads\/2023\/03\/IMG_6468-g.gottheil-farbstifzeichnung-20x30-cm-300dpi-300x228.jpg 300w, http:\/\/kunstraum-bremen.de\/wp-content\/uploads\/2023\/03\/IMG_6468-g.gottheil-farbstifzeichnung-20x30-cm-300dpi-768x583.jpg 768w, http:\/\/kunstraum-bremen.de\/wp-content\/uploads\/2023\/03\/IMG_6468-g.gottheil-farbstifzeichnung-20x30-cm-300dpi.jpg 1380w\" sizes=\"(max-width: 1024px) 100vw, 1024px\" \/><\/a><\/figure>\n<\/figure>\n\n\n\n<p>Abbildungen &#8211;  aus der Kunst [  ] Raum &#8211; Arbeit (von rechts nach links) :<\/p>\n\n\n\n<p>e. fujita &#8211; n\u00e4harbeit, b. zenner &#8211; mehrfarblinoldruck, w.krick &#8211; malerei, b.zenner &#8211; mehrfarb-linoldruck, u.trappe &#8211; mehrfrablinoldruck, g.gottheil &#8211; farbstifzeichnung<\/p>\n","protected":false},"excerpt":{"rendered":"<p>Gezeigt werden Arbeiten aus den fortlaufenden KunstGruppen, die, begleitet von Ute Seifert regelm\u00e4\u00dfig w\u00f6chentlich dienstags oder mittwochs zusammenkommen, um k\u00fcnstlerisch zu arbeiten. Dar\u00fcber hinaus gibt es verschiedene themenbezogene Workshopangebote wie Malerei und Farbe, experimentelles Drucken, Linoldruck und Monotypie, workshop Papier, &hellip; <a href=\"http:\/\/kunstraum-bremen.de\/?p=1988\">Weiterlesen <span class=\"meta-nav\">&rarr;<\/span><\/a><\/p>\n","protected":false},"author":2,"featured_media":0,"comment_status":"open","ping_status":"open","sticky":false,"template":"","format":"standard","meta":{"footnotes":""},"categories":[1,3],"tags":[],"class_list":["post-1988","post","type-post","status-publish","format-standard","hentry","category-allgemein","category-ausstellungen"],"_links":{"self":[{"href":"http:\/\/kunstraum-bremen.de\/index.php?rest_route=\/wp\/v2\/posts\/1988","targetHints":{"allow":["GET"]}}],"collection":[{"href":"http:\/\/kunstraum-bremen.de\/index.php?rest_route=\/wp\/v2\/posts"}],"about":[{"href":"http:\/\/kunstraum-bremen.de\/index.php?rest_route=\/wp\/v2\/types\/post"}],"author":[{"embeddable":true,"href":"http:\/\/kunstraum-bremen.de\/index.php?rest_route=\/wp\/v2\/users\/2"}],"replies":[{"embeddable":true,"href":"http:\/\/kunstraum-bremen.de\/index.php?rest_route=%2Fwp%2Fv2%2Fcomments&post=1988"}],"version-history":[{"count":3,"href":"http:\/\/kunstraum-bremen.de\/index.php?rest_route=\/wp\/v2\/posts\/1988\/revisions"}],"predecessor-version":[{"id":2000,"href":"http:\/\/kunstraum-bremen.de\/index.php?rest_route=\/wp\/v2\/posts\/1988\/revisions\/2000"}],"wp:attachment":[{"href":"http:\/\/kunstraum-bremen.de\/index.php?rest_route=%2Fwp%2Fv2%2Fmedia&parent=1988"}],"wp:term":[{"taxonomy":"category","embeddable":true,"href":"http:\/\/kunstraum-bremen.de\/index.php?rest_route=%2Fwp%2Fv2%2Fcategories&post=1988"},{"taxonomy":"post_tag","embeddable":true,"href":"http:\/\/kunstraum-bremen.de\/index.php?rest_route=%2Fwp%2Fv2%2Ftags&post=1988"}],"curies":[{"name":"wp","href":"https:\/\/api.w.org\/{rel}","templated":true}]}}