{"id":1611,"date":"2020-03-17T14:10:57","date_gmt":"2020-03-17T14:10:57","guid":{"rendered":"http:\/\/kunstraum-bremen.de\/?p=1611"},"modified":"2020-07-05T20:36:04","modified_gmt":"2020-07-05T20:36:04","slug":"ausstellungsplanung","status":"publish","type":"post","link":"http:\/\/kunstraum-bremen.de\/?p=1611","title":{"rendered":"Ausstellungsplanung 2020  &#8211;  2021 Verschiebungen wegen Corona"},"content":{"rendered":"\n<p>leider m\u00fcssen wir mitteilen, dass die kommende Ausstellung DOLF BISSINGER  ROT  aufgrund der aktuellen Situation verschoben wurde. Verschoben, nicht aufgehoben !! <\/p>\n\n\n\n<p><strong>Die Ausstellung  Dolf Bissinger  ROT  wird vom 29.5.2021 &#8211; 20.6.2021 gezeigt werden.<\/strong><\/p>\n\n\n\n<p>Ebenso wir die Ausstellung von Ryohei Tazaki, urspr\u00fcnglich geplant vom 23.8. &#8211; 5.9.2020 wegen Corona-Quarant\u00e4ne-Auflagen  auf einen n\u00e4chstm\u00f6glichen Termin verschoben.<\/p>\n\n\n\n<p>Sobald in Sicht ist, dass die Krise \u00fcberwunden ist, planen wir einen neuen Termin.<\/p>\n","protected":false},"excerpt":{"rendered":"<p>leider m\u00fcssen wir mitteilen, dass die kommende Ausstellung DOLF BISSINGER ROT aufgrund der aktuellen Situation verschoben wurde. Verschoben, nicht aufgehoben !! Die Ausstellung Dolf Bissinger ROT wird vom 29.5.2021 &#8211; 20.6.2021 gezeigt werden. Ebenso wir die Ausstellung von Ryohei Tazaki, &hellip; <a href=\"http:\/\/kunstraum-bremen.de\/?p=1611\">Weiterlesen <span class=\"meta-nav\">&rarr;<\/span><\/a><\/p>\n","protected":false},"author":2,"featured_media":0,"comment_status":"open","ping_status":"open","sticky":false,"template":"","format":"standard","meta":{"footnotes":""},"categories":[1,3],"tags":[],"class_list":["post-1611","post","type-post","status-publish","format-standard","hentry","category-allgemein","category-ausstellungen"],"_links":{"self":[{"href":"http:\/\/kunstraum-bremen.de\/index.php?rest_route=\/wp\/v2\/posts\/1611","targetHints":{"allow":["GET"]}}],"collection":[{"href":"http:\/\/kunstraum-bremen.de\/index.php?rest_route=\/wp\/v2\/posts"}],"about":[{"href":"http:\/\/kunstraum-bremen.de\/index.php?rest_route=\/wp\/v2\/types\/post"}],"author":[{"embeddable":true,"href":"http:\/\/kunstraum-bremen.de\/index.php?rest_route=\/wp\/v2\/users\/2"}],"replies":[{"embeddable":true,"href":"http:\/\/kunstraum-bremen.de\/index.php?rest_route=%2Fwp%2Fv2%2Fcomments&post=1611"}],"version-history":[{"count":6,"href":"http:\/\/kunstraum-bremen.de\/index.php?rest_route=\/wp\/v2\/posts\/1611\/revisions"}],"predecessor-version":[{"id":1674,"href":"http:\/\/kunstraum-bremen.de\/index.php?rest_route=\/wp\/v2\/posts\/1611\/revisions\/1674"}],"wp:attachment":[{"href":"http:\/\/kunstraum-bremen.de\/index.php?rest_route=%2Fwp%2Fv2%2Fmedia&parent=1611"}],"wp:term":[{"taxonomy":"category","embeddable":true,"href":"http:\/\/kunstraum-bremen.de\/index.php?rest_route=%2Fwp%2Fv2%2Fcategories&post=1611"},{"taxonomy":"post_tag","embeddable":true,"href":"http:\/\/kunstraum-bremen.de\/index.php?rest_route=%2Fwp%2Fv2%2Ftags&post=1611"}],"curies":[{"name":"wp","href":"https:\/\/api.w.org\/{rel}","templated":true}]}}