{"id":123,"date":"2008-10-30T10:43:43","date_gmt":"2008-10-30T08:43:43","guid":{"rendered":"http:\/\/www.kunstraum-bremen.de\/?p=123"},"modified":"2008-10-30T10:43:43","modified_gmt":"2008-10-30T08:43:43","slug":"3010-021108-marc-witte-prasentiert-bilder-auf-der-hanseart-in-oldenburg","status":"publish","type":"post","link":"http:\/\/kunstraum-bremen.de\/?p=123","title":{"rendered":"30.10 &#8211; 02.11.08: Marc Witte pr\u00e4sentiert Bilder auf der HanseArt in Oldenburg"},"content":{"rendered":"<p>Vom 30.10 &#8211; 02.11.2008 findet die HanseArt (<a href=\"http:\/\/www.kunstmesse-hanseart.de\/\" target=\"_blank\">www.kunstmesse-hanseart.de<\/a>) in der Weser-Ems-Halle in Oldenburg statt. Marc Witte wird dort seine Unikate und die ersten Kunstdrucke ausgew\u00e4hlter \u00d6lgem\u00e4lde pr\u00e4sentieren. Weiter Infos unter <a href=\"http:\/\/www.witte-art.de\" target=\"_blank\">www.witte-art.de<\/a><\/p>\n<p>Seine derzeitige <a href=\"http:\/\/www.kunstraum-bremen.de\/?page_id=39;%20%20?%3E\">Ausstellung im Kunstraum<\/a> wird bis zum 02. November 08 verl\u00e4ngert.<\/p>\n","protected":false},"excerpt":{"rendered":"<p>Vom 30.10 &#8211; 02.11.2008 findet die HanseArt (www.kunstmesse-hanseart.de) in der Weser-Ems-Halle in Oldenburg statt. Marc Witte wird dort seine Unikate und die ersten Kunstdrucke ausgew\u00e4hlter \u00d6lgem\u00e4lde pr\u00e4sentieren. Weiter Infos unter www.witte-art.de Seine derzeitige Ausstellung im Kunstraum wird bis zum 02. &hellip; <a href=\"http:\/\/kunstraum-bremen.de\/?p=123\">Weiterlesen <span class=\"meta-nav\">&rarr;<\/span><\/a><\/p>\n","protected":false},"author":1,"featured_media":0,"comment_status":"open","ping_status":"open","sticky":false,"template":"","format":"standard","meta":{"footnotes":""},"categories":[3],"tags":[],"class_list":["post-123","post","type-post","status-publish","format-standard","hentry","category-ausstellungen"],"_links":{"self":[{"href":"http:\/\/kunstraum-bremen.de\/index.php?rest_route=\/wp\/v2\/posts\/123","targetHints":{"allow":["GET"]}}],"collection":[{"href":"http:\/\/kunstraum-bremen.de\/index.php?rest_route=\/wp\/v2\/posts"}],"about":[{"href":"http:\/\/kunstraum-bremen.de\/index.php?rest_route=\/wp\/v2\/types\/post"}],"author":[{"embeddable":true,"href":"http:\/\/kunstraum-bremen.de\/index.php?rest_route=\/wp\/v2\/users\/1"}],"replies":[{"embeddable":true,"href":"http:\/\/kunstraum-bremen.de\/index.php?rest_route=%2Fwp%2Fv2%2Fcomments&post=123"}],"version-history":[{"count":0,"href":"http:\/\/kunstraum-bremen.de\/index.php?rest_route=\/wp\/v2\/posts\/123\/revisions"}],"wp:attachment":[{"href":"http:\/\/kunstraum-bremen.de\/index.php?rest_route=%2Fwp%2Fv2%2Fmedia&parent=123"}],"wp:term":[{"taxonomy":"category","embeddable":true,"href":"http:\/\/kunstraum-bremen.de\/index.php?rest_route=%2Fwp%2Fv2%2Fcategories&post=123"},{"taxonomy":"post_tag","embeddable":true,"href":"http:\/\/kunstraum-bremen.de\/index.php?rest_route=%2Fwp%2Fv2%2Ftags&post=123"}],"curies":[{"name":"wp","href":"https:\/\/api.w.org\/{rel}","templated":true}]}}