{"id":1125,"date":"2017-04-11T08:00:30","date_gmt":"2017-04-11T08:00:30","guid":{"rendered":"http:\/\/kunstraum-bremen.de\/?p=1125"},"modified":"2017-04-11T08:11:53","modified_gmt":"2017-04-11T08:11:53","slug":"13-5-2017-30-jahre-kunst-raum-bremen-ausstellung-mensch","status":"publish","type":"post","link":"http:\/\/kunstraum-bremen.de\/?p=1125","title":{"rendered":"13.5.2017   Ausstellung: MENSCH !!  &#8211;   30 Jahre Kunst [  ] Raum Bremen &#8211;"},"content":{"rendered":"<p><a href=\"http:\/\/kunstraum-bremen.de\/wp-content\/uploads\/2017\/04\/KunstraumMaiA6Vorne.jpg\"><img fetchpriority=\"high\" decoding=\"async\" class=\"aligncenter size-large wp-image-1126\" src=\"http:\/\/kunstraum-bremen.de\/wp-content\/uploads\/2017\/04\/KunstraumMaiA6Vorne-1024x726.jpg\" alt=\"\" width=\"640\" height=\"454\" srcset=\"http:\/\/kunstraum-bremen.de\/wp-content\/uploads\/2017\/04\/KunstraumMaiA6Vorne-1024x726.jpg 1024w, http:\/\/kunstraum-bremen.de\/wp-content\/uploads\/2017\/04\/KunstraumMaiA6Vorne-300x213.jpg 300w, http:\/\/kunstraum-bremen.de\/wp-content\/uploads\/2017\/04\/KunstraumMaiA6Vorne-768x545.jpg 768w, http:\/\/kunstraum-bremen.de\/wp-content\/uploads\/2017\/04\/KunstraumMaiA6Vorne.jpg 1772w\" sizes=\"(max-width: 640px) 100vw, 640px\" \/><\/a><\/p>\n<p>30 Jahre Kunst [ ] Raum Bremen, R\u00fcckertstrassse 21 28199 Bremen<\/p>\n<p><strong>Er\u00f6ffnung unserer Ausstellung am&nbsp; <\/strong><\/p>\n<p><strong>Mittwoch 10.5.2017 um 17.00 Uhr im Foyer der Shakespeare Company !&nbsp;&nbsp;<\/strong>und<\/p>\n<p><strong>Samstag &nbsp; 13.5.2017 um 19.00 Uhr im Kunst [ ] Raum Bremen.&nbsp; <\/strong><\/p>\n<p>Die Ausstellung im Papp\/Karton hat keine explizite Er\u00f6ffnung &#8211; einfach kommen!<strong><br \/>\n<\/strong><\/p>\n<p>&nbsp;<\/p>\n<p>Der KunstRaum ist ein Raum, ein Ort f\u00fcr die Kunst.<br \/>\n&#8211; ein Raum f\u00fcr praktisch k\u00fcnstlerische Arbeit und Projektraum zur Entwicklung und Pr\u00e4sentation von Ausstellungen, sowohl aus der Kunst [ ] Raum &#8211; Arbeit als auch von eingeladenen bildenden K\u00fcnstlern aus dem In- und Ausland.<br \/>\nDer Kunst [ ] Raum wurde 1987 von eine Gruppe aus K\u00fcnstlern, Kunsttherapeuten\/-p\u00e4dagogen<br \/>\nund \u00c4rzten gegr\u00fcndet. In diesem Jahr wird der Kunst [ ] Raum 30 !<\/p>\n<p>Im Mittelpunkt steht der \u201eMENSCH !!\u201c mit seinen Wegen und Umwegen, mit seinen Lebenswegen, Denkwegen und Wegen, die entstehen, indem wir sie gehen.<br \/>\nAnliegen ist es, eine k\u00fcnstlerische Grundhaltung zu entwickeln um Kunst und Leben zu verbinden, fu\u0308reinander wirksam zu machen.<\/p>\n<p>Wir zeigen eine Auswahl unserer bildnerischen Arbeiten im Foyer der Shakespeare Company, im Papp\/Karton und im Kunst [ ] Raum und danken f\u00fcr die Kooperation im Stadtteil!<\/p>\n<p><em>\u2026.wo k\u00e4men wir hin, wenn alle sagten, wo k\u00e4men wir hin und keiner ginge um zu sehen, wohin wir k\u00e4men wenn wir gingen\u2026.. (Kurt Marti)<\/em><\/p>\n<p><a href=\"http:\/\/kunstraum-bremen.de\/wp-content\/uploads\/2017\/04\/KunstraumMaiA6Hinten.jpg\"><img decoding=\"async\" class=\"aligncenter size-large wp-image-1127\" src=\"http:\/\/kunstraum-bremen.de\/wp-content\/uploads\/2017\/04\/KunstraumMaiA6Hinten-1024x726.jpg\" alt=\"\" width=\"640\" height=\"454\" srcset=\"http:\/\/kunstraum-bremen.de\/wp-content\/uploads\/2017\/04\/KunstraumMaiA6Hinten-1024x726.jpg 1024w, http:\/\/kunstraum-bremen.de\/wp-content\/uploads\/2017\/04\/KunstraumMaiA6Hinten-300x213.jpg 300w, http:\/\/kunstraum-bremen.de\/wp-content\/uploads\/2017\/04\/KunstraumMaiA6Hinten-768x545.jpg 768w, http:\/\/kunstraum-bremen.de\/wp-content\/uploads\/2017\/04\/KunstraumMaiA6Hinten.jpg 1772w\" sizes=\"(max-width: 640px) 100vw, 640px\" \/><\/a>Ute Seifert, Kunst [ ] Raum Bremen<\/p>\n","protected":false},"excerpt":{"rendered":"<p>30 Jahre Kunst [ ] Raum Bremen, R\u00fcckertstrassse 21 28199 Bremen Er\u00f6ffnung unserer Ausstellung am&nbsp; Mittwoch 10.5.2017 um 17.00 Uhr im Foyer der Shakespeare Company !&nbsp;&nbsp;und Samstag &nbsp; 13.5.2017 um 19.00 Uhr im Kunst [ ] Raum Bremen.&nbsp; Die Ausstellung &hellip; <a href=\"http:\/\/kunstraum-bremen.de\/?p=1125\">Weiterlesen <span class=\"meta-nav\">&rarr;<\/span><\/a><\/p>\n","protected":false},"author":2,"featured_media":0,"comment_status":"open","ping_status":"open","sticky":false,"template":"","format":"standard","meta":{"footnotes":""},"categories":[1],"tags":[],"class_list":["post-1125","post","type-post","status-publish","format-standard","hentry","category-allgemein"],"_links":{"self":[{"href":"http:\/\/kunstraum-bremen.de\/index.php?rest_route=\/wp\/v2\/posts\/1125","targetHints":{"allow":["GET"]}}],"collection":[{"href":"http:\/\/kunstraum-bremen.de\/index.php?rest_route=\/wp\/v2\/posts"}],"about":[{"href":"http:\/\/kunstraum-bremen.de\/index.php?rest_route=\/wp\/v2\/types\/post"}],"author":[{"embeddable":true,"href":"http:\/\/kunstraum-bremen.de\/index.php?rest_route=\/wp\/v2\/users\/2"}],"replies":[{"embeddable":true,"href":"http:\/\/kunstraum-bremen.de\/index.php?rest_route=%2Fwp%2Fv2%2Fcomments&post=1125"}],"version-history":[{"count":4,"href":"http:\/\/kunstraum-bremen.de\/index.php?rest_route=\/wp\/v2\/posts\/1125\/revisions"}],"predecessor-version":[{"id":1133,"href":"http:\/\/kunstraum-bremen.de\/index.php?rest_route=\/wp\/v2\/posts\/1125\/revisions\/1133"}],"wp:attachment":[{"href":"http:\/\/kunstraum-bremen.de\/index.php?rest_route=%2Fwp%2Fv2%2Fmedia&parent=1125"}],"wp:term":[{"taxonomy":"category","embeddable":true,"href":"http:\/\/kunstraum-bremen.de\/index.php?rest_route=%2Fwp%2Fv2%2Fcategories&post=1125"},{"taxonomy":"post_tag","embeddable":true,"href":"http:\/\/kunstraum-bremen.de\/index.php?rest_route=%2Fwp%2Fv2%2Ftags&post=1125"}],"curies":[{"name":"wp","href":"https:\/\/api.w.org\/{rel}","templated":true}]}}